{"id":13607,"date":"2026-04-13T03:06:45","date_gmt":"2026-04-13T03:06:45","guid":{"rendered":"https:\/\/www.newsrecorder.ro\/app\/2026\/04\/13\/budapesta-sarbatoreste-dupa-masacrul-electoral-al-lui-orban\/"},"modified":"2026-04-13T03:06:45","modified_gmt":"2026-04-13T03:06:45","slug":"budapesta-sarbatoreste-dupa-masacrul-electoral-al-lui-orban","status":"publish","type":"post","link":"https:\/\/www.newsrecorder.ro\/app\/2026\/04\/13\/budapesta-sarbatoreste-dupa-masacrul-electoral-al-lui-orban\/","title":{"rendered":"Budapesta s\u0103rb\u0103tore\u0219te dup\u0103 \u201emasacrul electoral\u201d al lui Orban!"},"content":{"rendered":"<p class=\"p1\"><strong><a style=\"color: #0000ff\" href=\"https:\/\/www.mediafax.ro\/externe\/alegeri-in-ungaria-rezultate-alegeri-ungaria-opozitia-6935-orban-2764-update-viktor-orban-si-a-recunoscut-infrangerea-peter-magyar-astazi-poporul-maghiar-a-spus-da-europei-da-unei-ungarii-23718832\">Budapesta a fost scena unor s\u0103rb\u0103tori vibrante \u00een noaptea alegerilor parlamentare<\/a><\/strong>. O mare de tineri a inundat str\u0103zile capitalei, r\u0103spunz\u00e2nd cu entuziasm vestei c\u0103 Tisza \u0219i Peter Magyar au reu\u0219it s\u0103-l \u00eenl\u0103ture pe Viktor Orban, dup\u0103 o domnie de 16 ani.<\/p>\n<p>Au fost organizate focuri de artificii \u00een spatele Parlamentului, iar mii de oameni au c\u00e2ntat al\u0103turi de Tisza celebrul hit \u201eWe Are The Champions\u201d.<\/p>\n<p>Tinerii au dansat \u00een metrou \u0219i pe str\u0103zile ora\u0219ului, \u00een timp ce al\u021bii scandau: \u201eRu\u0219i, pleca\u021bi acas\u0103!\u201d.<\/p>\n<p><strong><a style=\"color: #0000ff\" href=\"https:\/\/24.hu\/belfold\/2026\/04\/12\/valasztas-2026-elo-hirfolyam\/\">P\u00e9ter Magyar a declarat din centrul Budapestei<\/a>: \u201e\u00cel invit pe pre\u0219edintele Republicii s\u0103 cear\u0103 formarea unui nou guvern, iar toate marionetele Fidesz s\u0103 se retrag\u0103 din func\u021bii\u201d.<\/strong><\/p>\n<p><strong><a style=\"color: #0000ff\" href=\"https:\/\/444.hu\/2026\/04\/12\/fidesz-vs-tisza-a-valasztas-napja-percrol-percre\">\u201eUn masacru al Tisza \u00eempotriva lui Orban\u201d<\/a><\/strong>, au titrat ziarele care \u00eel sus\u021bin pe Peter Magyar.<\/p>\n<p>Un alt record pentru Tisza: Niciun candidat anterior nu a ob\u021binut vreodat\u0103 at\u00e2t de multe voturi pe list\u0103.<\/p>\n<p>Cu 97,99% din voturi procesate, Tisza a acumulat 3.066.881 de voturi pe list\u0103, <strong><a style=\"color: #0000ff\" href=\"https:\/\/444.hu\/2026\/04\/12\/fidesz-vs-tisza-a-valasztas-napja-percrol-percre\">un record istoric<\/a><\/strong>, dep\u0103\u0219ind cele 3.060.706 voturi ob\u021binute de Fidesz-KDNP \u00een urm\u0103 cu patru ani.<\/p>\n<p>Fidesz-KDNP a ob\u021binut 2.164.122 de voturi, ceea ce \u00eenseamn\u0103 o pierdere de aproape un milion de aleg\u0103tori \u00een patru ani.<\/p>\n<p>\u201ePatria noastr\u0103\u201d a str\u00e2ns 337.034 de voturi pe list\u0103, un rezultat u\u0219or mai bun dec\u00e2t cel din 2022, c\u00e2nd a ob\u021binut 332.487 de voturi.<\/p>\n<p>Dup\u0103 ora 1:00 diminea\u021ba, cu 98,13% din voturi procesate, rezultatul se prezenta astfel: 138-55-6.<\/p>\n<p>Tisza se preconizeaz\u0103 c\u0103 va c\u00e2\u0219tiga 138 de locuri \u00een Parlament \u2013 93 de locuri individuale \u0219i 45 pe list\u0103 \u2013 ceea ce constituie un succes istoric \u0219i o \u201esuper majoritate\u201d capabil\u0103 s\u0103 provoace chiar \u0219i modific\u0103ri \u00een Constitu\u021bie. Fidesz-KDNP ar putea ob\u021bine 55 de locuri (13+42), iar Mi Haz\u00e1nk 6 locuri pe list\u0103.<\/p>\n","protected":false},"excerpt":{"rendered":"<p>Budapesta a fost scena unor s\u0103rb\u0103tori vibrante \u00een noaptea alegerilor parlamentare. O mare de tineri a inundat str\u0103zile capitalei, r\u0103spunz\u00e2nd cu entuziasm vestei c\u0103 Tisza \u0219i Peter Magyar au reu\u0219it s\u0103-l \u00eenl\u0103ture pe Viktor Orban, dup\u0103 o domnie de 16 ani. Au fost organizate focuri de artificii \u00een spatele Parlamentului, iar mii de oameni au [&hellip;]<\/p>\n","protected":false},"author":2,"featured_media":13608,"comment_status":"open","ping_status":"open","sticky":false,"template":"","format":"standard","meta":{"jnews-multi-image_gallery":[],"jnews_single_post":[],"jnews_primary_category":[],"jnews_override_counter":[],"footnotes":""},"categories":[41],"tags":[3160,158,16313,301,1035,2162,12257,2103],"class_list":["post-13607","post","type-post","status-publish","format-standard","has-post-thumbnail","hentry","category-externe","tag-alegeri-parlamentare","tag-budapesta","tag-focuri-de-artificii","tag-guvern","tag-proteste","tag-tineri","tag-tisza","tag-viktor-orban"],"_links":{"self":[{"href":"https:\/\/www.newsrecorder.ro\/app\/wp-json\/wp\/v2\/posts\/13607","targetHints":{"allow":["GET"]}}],"collection":[{"href":"https:\/\/www.newsrecorder.ro\/app\/wp-json\/wp\/v2\/posts"}],"about":[{"href":"https:\/\/www.newsrecorder.ro\/app\/wp-json\/wp\/v2\/types\/post"}],"author":[{"embeddable":true,"href":"https:\/\/www.newsrecorder.ro\/app\/wp-json\/wp\/v2\/users\/2"}],"replies":[{"embeddable":true,"href":"https:\/\/www.newsrecorder.ro\/app\/wp-json\/wp\/v2\/comments?post=13607"}],"version-history":[{"count":0,"href":"https:\/\/www.newsrecorder.ro\/app\/wp-json\/wp\/v2\/posts\/13607\/revisions"}],"wp:featuredmedia":[{"embeddable":true,"href":"https:\/\/www.newsrecorder.ro\/app\/wp-json\/wp\/v2\/media\/13608"}],"wp:attachment":[{"href":"https:\/\/www.newsrecorder.ro\/app\/wp-json\/wp\/v2\/media?parent=13607"}],"wp:term":[{"taxonomy":"category","embeddable":true,"href":"https:\/\/www.newsrecorder.ro\/app\/wp-json\/wp\/v2\/categories?post=13607"},{"taxonomy":"post_tag","embeddable":true,"href":"https:\/\/www.newsrecorder.ro\/app\/wp-json\/wp\/v2\/tags?post=13607"}],"curies":[{"name":"wp","href":"https:\/\/api.w.org\/{rel}","templated":true}]}}