{"id":13613,"date":"2026-04-13T03:07:27","date_gmt":"2026-04-13T03:07:27","guid":{"rendered":"https:\/\/www.newsrecorder.ro\/app\/2026\/04\/13\/cum-a-reactionat-presa-rusa-la-infrangerea-lui-viktor-orban\/"},"modified":"2026-04-13T03:07:27","modified_gmt":"2026-04-13T03:07:27","slug":"cum-a-reactionat-presa-rusa-la-infrangerea-lui-viktor-orban","status":"publish","type":"post","link":"https:\/\/www.newsrecorder.ro\/app\/2026\/04\/13\/cum-a-reactionat-presa-rusa-la-infrangerea-lui-viktor-orban\/","title":{"rendered":"Cum a reac\u021bionat presa rus\u0103 la \u00eenfr\u00e2ngerea lui Viktor Orban?"},"content":{"rendered":"<p>\u00cen urma alegerilor recente, publica\u021bia \u201eKommersant\u201d a caracterizat rezultatul ca fiind \u201edureros \u0219i clar\u201d, eviden\u021biind procentele ob\u021binute \u0219i noua majoritate parlamentar\u0103. De asemenea, \u201eVedomosti\u201d a aprofundat subiectul, descriind echipa lui P\u00e9ter Magyar ca fiind format\u0103 din \u201eeuro-optimi\u0219ti\u201d, pun\u00e2nd accent pe ambi\u021bia acestora de a ob\u021bine o majoritate constitu\u021bional\u0103. \u00centr-un ton similar de minimizare, \u201eGazeta.ru\u201d a redirec\u021bionat rapid discu\u021bia c\u0103tre implica\u021biile pentru Rusia, cit\u00e2ndu-l pe analistul Fiodor Lukianov, care a afirmat c\u0103 pentru Moscova \u201enimic major\u201d nu se va schimba.<\/p>\n<p>Agen\u021bia de \u0219tiri rus\u0103 TASS a publicat o analiz\u0103 bazat\u0103 pe declara\u021biile politologului german Aleksandr Rahr, care sus\u021bine c\u0103, \u00een urma e\u0219ecului partidului lui Orb\u00e1n, Europa \u201ese reg\u0103se\u0219te din nou \u00een \u0219a\u201d \u0219i ar putea intensifica sprijinul pentru Ucraina \u0219i confruntarea cu Rusia. Analiza TASS subliniaz\u0103 c\u0103 perspectiva unei solu\u021bii pa\u0219nice \u0219i diplomatice pentru criza ucrainean\u0103, promovat\u0103 de Orb\u00e1n, \u201edevine o amintire\u201d, iar Ungaria risc\u0103 s\u0103 devin\u0103 un sus\u021bin\u0103tor fidel al politicii externe a Uniunii Europene, f\u0103r\u0103 a mai bloca prin veto deciziile Bruxelles-ului referitoare la ajutoarele \u0219i armamentul destinate Ucrainei.<\/p>\n<p><strong>TASS a reluat ideea lui Rahr, afirm\u00e2nd c\u0103 premierul slovac Robert Fico ar r\u0103m\u00e2ne practic singurul lider european care contest\u0103 actuala linie a Uniunii Europene \u00een privin\u021ba Ucrainei.<\/strong><\/p>\n<p>P\u00e2n\u0103 \u00een prezent, nu a existat o reac\u021bie public\u0103 distinct\u0103 din partea Kremlinului cu privire la rezultatul final al alegerilor.<\/p>\n<p>Cu doar patru zile \u00eenainte de alegeri, purt\u0103torul de cuv\u00e2nt al Kremlinului, Dmitri Peskov, a acuzat \u201emulte for\u021be din Europa\u201d \u0219i \u201edin Bruxelles\u201d c\u0103 nu doresc realegerea lui Orb\u00e1n \u0219i c\u0103 \u00eei sprijin\u0103 pe adversarii acestuia. Peskov l-a descris pe premierul ungar ca fiind \u201eun politician foarte eficient\u201d, care ap\u0103r\u0103 interesele propriei \u021b\u0103ri.<\/p>\n<p>\u00cen acela\u0219i context, \u00eenainte de vot, Maria Zaharova, purt\u0103toarea de cuv\u00e2nt a Ministerului Afacerilor Externe rus, a afirmat c\u0103 Occidentul intervine \u00een alegerile din Ungaria, prelu\u00e2nd nara\u021biunea promovat\u0103 de Budapesta \u0219i de presa apropiat\u0103 Kremlinului despre o presupus\u0103 presiune extern\u0103 \u00eempotriva lui Orb\u00e1n.<\/p>\n","protected":false},"excerpt":{"rendered":"<p>\u00cen urma alegerilor recente, publica\u021bia \u201eKommersant\u201d a caracterizat rezultatul ca fiind \u201edureros \u0219i clar\u201d, eviden\u021biind procentele ob\u021binute \u0219i noua majoritate parlamentar\u0103. De asemenea, \u201eVedomosti\u201d a aprofundat subiectul, descriind echipa lui P\u00e9ter Magyar ca fiind format\u0103 din \u201eeuro-optimi\u0219ti\u201d, pun\u00e2nd accent pe ambi\u021bia acestora de a ob\u021bine o majoritate constitu\u021bional\u0103. \u00centr-un ton similar de minimizare, \u201eGazeta.ru\u201d a [&hellip;]<\/p>\n","protected":false},"author":2,"featured_media":13614,"comment_status":"open","ping_status":"open","sticky":false,"template":"","format":"standard","meta":{"jnews-multi-image_gallery":[],"jnews_single_post":[],"jnews_primary_category":[],"jnews_override_counter":[],"footnotes":""},"categories":[41],"tags":[1042,16319,16320,16317,16318,639,8699,3285],"class_list":["post-13613","post","type-post","status-publish","format-standard","has-post-thumbnail","hentry","category-externe","tag-alegeri","tag-aleksandr-rahr","tag-confruntare-cu-rusia","tag-euro-optimisti","tag-fiodor-lukianov","tag-majoritate-parlamentara","tag-solutii-pasnice","tag-sprijin-pentru-ucraina"],"_links":{"self":[{"href":"https:\/\/www.newsrecorder.ro\/app\/wp-json\/wp\/v2\/posts\/13613","targetHints":{"allow":["GET"]}}],"collection":[{"href":"https:\/\/www.newsrecorder.ro\/app\/wp-json\/wp\/v2\/posts"}],"about":[{"href":"https:\/\/www.newsrecorder.ro\/app\/wp-json\/wp\/v2\/types\/post"}],"author":[{"embeddable":true,"href":"https:\/\/www.newsrecorder.ro\/app\/wp-json\/wp\/v2\/users\/2"}],"replies":[{"embeddable":true,"href":"https:\/\/www.newsrecorder.ro\/app\/wp-json\/wp\/v2\/comments?post=13613"}],"version-history":[{"count":0,"href":"https:\/\/www.newsrecorder.ro\/app\/wp-json\/wp\/v2\/posts\/13613\/revisions"}],"wp:featuredmedia":[{"embeddable":true,"href":"https:\/\/www.newsrecorder.ro\/app\/wp-json\/wp\/v2\/media\/13614"}],"wp:attachment":[{"href":"https:\/\/www.newsrecorder.ro\/app\/wp-json\/wp\/v2\/media?parent=13613"}],"wp:term":[{"taxonomy":"category","embeddable":true,"href":"https:\/\/www.newsrecorder.ro\/app\/wp-json\/wp\/v2\/categories?post=13613"},{"taxonomy":"post_tag","embeddable":true,"href":"https:\/\/www.newsrecorder.ro\/app\/wp-json\/wp\/v2\/tags?post=13613"}],"curies":[{"name":"wp","href":"https:\/\/api.w.org\/{rel}","templated":true}]}}