{"id":13621,"date":"2026-04-13T08:13:28","date_gmt":"2026-04-13T08:13:28","guid":{"rendered":"https:\/\/www.newsrecorder.ro\/app\/2026\/04\/13\/alerta-meteo-vant-puternic-in-caras-severin-pana-miercuri\/"},"modified":"2026-04-13T08:13:28","modified_gmt":"2026-04-13T08:13:28","slug":"alerta-meteo-vant-puternic-in-caras-severin-pana-miercuri","status":"publish","type":"post","link":"https:\/\/www.newsrecorder.ro\/app\/2026\/04\/13\/alerta-meteo-vant-puternic-in-caras-severin-pana-miercuri\/","title":{"rendered":"Alert\u0103 meteo: V\u00e2nt puternic \u00een Cara\u0219-Severin p\u00e2n\u0103 miercuri!"},"content":{"rendered":"<p class=\"font-claude-response-body break-words whitespace-normal leading-[1.7]\">\u00cen perioada urm\u0103toare, jude\u021bul Cara\u0219-Severin se va confrunta cu intensific\u0103ri ale v\u00e2ntului, ating\u00e2nd viteze cuprinse \u00eentre 50 \u0219i 70 km\/h.<\/p>\n<p class=\"font-claude-response-body break-words whitespace-normal leading-[1.7]\">\u00cen zonele montane, situa\u021bia va fi \u0219i mai sever\u0103, cu rafale de v\u00e2nt ce pot ajunge la 80\u201390 km\/h, conform avertiz\u0103rilor emise de <a href=\"https:\/\/www.mediafax.ro\/social\/avertisment-anm-risc-insemnat-de-avalanse-la-munte-pot-fi-declansate-chiar-de-turisti-si-schiori-23718741\">Administra\u021bia Na\u021bional\u0103 de Meteorologie (ANM)<\/a>.<\/p>\n<p class=\"font-claude-response-body break-words whitespace-normal leading-[1.7]\">De asemenea, intensific\u0103ri ale v\u00e2ntului sunt prognozate \u0219i \u00een alte regiuni ale \u021b\u0103rii, dar pe arii restr\u00e2nse, unde vitezele vor varia \u00eentre 40 \u0219i 45 km\/h.<\/p>\n","protected":false},"excerpt":{"rendered":"<p>\u00cen perioada urm\u0103toare, jude\u021bul Cara\u0219-Severin se va confrunta cu intensific\u0103ri ale v\u00e2ntului, ating\u00e2nd viteze cuprinse \u00eentre 50 \u0219i 70 km\/h. \u00cen zonele montane, situa\u021bia va fi \u0219i mai sever\u0103, cu rafale de v\u00e2nt ce pot ajunge la 80\u201390 km\/h, conform avertiz\u0103rilor emise de Administra\u021bia Na\u021bional\u0103 de Meteorologie (ANM). De asemenea, intensific\u0103ri ale v\u00e2ntului sunt prognozate [&hellip;]<\/p>\n","protected":false},"author":5,"featured_media":13622,"comment_status":"open","ping_status":"open","sticky":false,"template":"","format":"standard","meta":{"jnews-multi-image_gallery":[],"jnews_single_post":[],"jnews_primary_category":[],"jnews_override_counter":[],"footnotes":""},"categories":[45],"tags":[147,10107,1422,16325,132,5680,4034,137],"class_list":["post-13621","post","type-post","status-publish","format-standard","has-post-thumbnail","hentry","category-meteo","tag-avertizari","tag-caras-severin","tag-intensificari","tag-meteologie","tag-prognoza","tag-rafale","tag-regiuni","tag-vant"],"_links":{"self":[{"href":"https:\/\/www.newsrecorder.ro\/app\/wp-json\/wp\/v2\/posts\/13621","targetHints":{"allow":["GET"]}}],"collection":[{"href":"https:\/\/www.newsrecorder.ro\/app\/wp-json\/wp\/v2\/posts"}],"about":[{"href":"https:\/\/www.newsrecorder.ro\/app\/wp-json\/wp\/v2\/types\/post"}],"author":[{"embeddable":true,"href":"https:\/\/www.newsrecorder.ro\/app\/wp-json\/wp\/v2\/users\/5"}],"replies":[{"embeddable":true,"href":"https:\/\/www.newsrecorder.ro\/app\/wp-json\/wp\/v2\/comments?post=13621"}],"version-history":[{"count":0,"href":"https:\/\/www.newsrecorder.ro\/app\/wp-json\/wp\/v2\/posts\/13621\/revisions"}],"wp:featuredmedia":[{"embeddable":true,"href":"https:\/\/www.newsrecorder.ro\/app\/wp-json\/wp\/v2\/media\/13622"}],"wp:attachment":[{"href":"https:\/\/www.newsrecorder.ro\/app\/wp-json\/wp\/v2\/media?parent=13621"}],"wp:term":[{"taxonomy":"category","embeddable":true,"href":"https:\/\/www.newsrecorder.ro\/app\/wp-json\/wp\/v2\/categories?post=13621"},{"taxonomy":"post_tag","embeddable":true,"href":"https:\/\/www.newsrecorder.ro\/app\/wp-json\/wp\/v2\/tags?post=13621"}],"curies":[{"name":"wp","href":"https:\/\/api.w.org\/{rel}","templated":true}]}}