{"id":13651,"date":"2026-04-13T09:57:53","date_gmt":"2026-04-13T09:57:53","guid":{"rendered":"https:\/\/www.newsrecorder.ro\/app\/2026\/04\/13\/istorie-in-desfasurare-o-femeie-preia-conducerea-unei-armate-puternice\/"},"modified":"2026-04-13T09:57:53","modified_gmt":"2026-04-13T09:57:53","slug":"istorie-in-desfasurare-o-femeie-preia-conducerea-unei-armate-puternice","status":"publish","type":"post","link":"https:\/\/www.newsrecorder.ro\/app\/2026\/04\/13\/istorie-in-desfasurare-o-femeie-preia-conducerea-unei-armate-puternice\/","title":{"rendered":"Istorie \u00een desf\u0103\u0219urare: O femeie preia conducerea unei armate puternice!"},"content":{"rendered":"<p>Australia a f\u0103cut un pas istoric prin numirea pentru prima dat\u0103 \u00een cei 125 de ani de existen\u021b\u0103 a sa a unei femei \u00een fruntea armatei. Conform <a href=\"https:\/\/www.aljazeera.com\/news\/2026\/4\/13\/australia-appoints-female-army-chief-for-the-first-time-in-history?utm_source=telegram&amp;utm_medium=social&amp;utm_campaign=socialPulse\" target=\"_blank\" rel=\"noopener\">Al Jazeera<\/a>, generalul locotenent Susan Coyle va prelua func\u021bia de \u0219ef al armatei \u00eencep\u00e2nd cu luna iulie. Anun\u021bul a fost f\u0103cut luni de c\u0103tre guvernul australian, care a precizat c\u0103 Coyle \u00eel va \u00eenlocui pe Simon Stuart, ce a ocupat aceast\u0103 pozi\u021bie \u00eencep\u00e2nd cu iulie 2022.<\/p>\n<p>Cu o carier\u0103 militar\u0103 impresionant\u0103 de aproape patru decenii, Coyle a de\u021binut mai multe func\u021bii de comand\u0103 de \u00eenalt nivel, fiind activ\u0103 \u00een cadrul opera\u021biunilor din Afganistan \u0219i Orientul Mijlociu. Aceast\u0103 numire este un moment semnificativ \u00een istoria armatei australiene, reflect\u00e2nd angajamentul de a promova diversitatea \u00een r\u00e2ndurile for\u021belor armate.<\/p>\n<p>Contextul acestei numiri este marcat de eforturile armatei australiene de a cre\u0219te num\u0103rul femeilor \u00een structurile sale. \u00cen prezent, femeile constituie aproximativ 21% din for\u021bele de ap\u0103rare australiene, iar din acestea, 18,5% ocup\u0103 pozi\u021bii de conducere superioare. Totodat\u0103, armata se confrunt\u0103 cu provoc\u0103ri legate de acuza\u021bii de h\u0103r\u021buire sexual\u0103 \u0219i discriminare, fiind \u00eentr-un proces de reformare a imaginii sale.<\/p>\n<p>\u00cen plus, armata Australiei se afl\u0103 \u00eentr-o perioad\u0103 de transformare major\u0103, investind \u00een modernizarea echipamentelor de lupt\u0103, ceea ce subliniaz\u0103 angajamentul s\u0103u de a se adapta la cerin\u021bele contemporane ale securit\u0103\u021bii interna\u021bionale.<\/p>\n","protected":false},"excerpt":{"rendered":"<p>Australia a f\u0103cut un pas istoric prin numirea pentru prima dat\u0103 \u00een cei 125 de ani de existen\u021b\u0103 a sa a unei femei \u00een fruntea armatei. Conform Al Jazeera, generalul locotenent Susan Coyle va prelua func\u021bia de \u0219ef al armatei \u00eencep\u00e2nd cu luna iulie. Anun\u021bul a fost f\u0103cut luni de c\u0103tre guvernul australian, care a [&hellip;]<\/p>\n","protected":false},"author":2,"featured_media":13652,"comment_status":"open","ping_status":"open","sticky":false,"template":"","format":"standard","meta":{"jnews-multi-image_gallery":[],"jnews_single_post":[],"jnews_primary_category":[],"jnews_override_counter":[],"footnotes":""},"categories":[39],"tags":[5194,4425,14406,579,6740,9725,16352,873],"class_list":["post-13651","post","type-post","status-publish","format-standard","has-post-thumbnail","hentry","category-stirile-zilei","tag-armata","tag-australia","tag-comanda","tag-diversitate","tag-femei","tag-forte-de-aparare","tag-general-locotenent","tag-istorie"],"_links":{"self":[{"href":"https:\/\/www.newsrecorder.ro\/app\/wp-json\/wp\/v2\/posts\/13651","targetHints":{"allow":["GET"]}}],"collection":[{"href":"https:\/\/www.newsrecorder.ro\/app\/wp-json\/wp\/v2\/posts"}],"about":[{"href":"https:\/\/www.newsrecorder.ro\/app\/wp-json\/wp\/v2\/types\/post"}],"author":[{"embeddable":true,"href":"https:\/\/www.newsrecorder.ro\/app\/wp-json\/wp\/v2\/users\/2"}],"replies":[{"embeddable":true,"href":"https:\/\/www.newsrecorder.ro\/app\/wp-json\/wp\/v2\/comments?post=13651"}],"version-history":[{"count":0,"href":"https:\/\/www.newsrecorder.ro\/app\/wp-json\/wp\/v2\/posts\/13651\/revisions"}],"wp:featuredmedia":[{"embeddable":true,"href":"https:\/\/www.newsrecorder.ro\/app\/wp-json\/wp\/v2\/media\/13652"}],"wp:attachment":[{"href":"https:\/\/www.newsrecorder.ro\/app\/wp-json\/wp\/v2\/media?parent=13651"}],"wp:term":[{"taxonomy":"category","embeddable":true,"href":"https:\/\/www.newsrecorder.ro\/app\/wp-json\/wp\/v2\/categories?post=13651"},{"taxonomy":"post_tag","embeddable":true,"href":"https:\/\/www.newsrecorder.ro\/app\/wp-json\/wp\/v2\/tags?post=13651"}],"curies":[{"name":"wp","href":"https:\/\/api.w.org\/{rel}","templated":true}]}}