{"id":13657,"date":"2026-04-13T09:58:54","date_gmt":"2026-04-13T09:58:54","guid":{"rendered":"https:\/\/www.newsrecorder.ro\/app\/2026\/04\/13\/italia-raspunde-sfarsitul-epocii-dreptei-in-ungaria\/"},"modified":"2026-04-13T09:58:54","modified_gmt":"2026-04-13T09:58:54","slug":"italia-raspunde-sfarsitul-epocii-dreptei-in-ungaria","status":"publish","type":"post","link":"https:\/\/www.newsrecorder.ro\/app\/2026\/04\/13\/italia-raspunde-sfarsitul-epocii-dreptei-in-ungaria\/","title":{"rendered":"Italia r\u0103spunde: Sf\u00e2r\u0219itul epocii dreptei \u00een Ungaria!"},"content":{"rendered":"<p class=\"font-claude-response-body break-words whitespace-normal leading-[1.7]\">Giorgia Meloni a fost printre primii lideri care au <a href=\"https:\/\/www.mediafax.ro\/politic\/reactia-lui-donald-trump-atunci-cand-a-fost-intrebat-despre-alegerile-din-ungaria-va-multumesc-23719363\">reac\u021bionat<\/a> la rezultatele recente ale alegerilor din Ungaria. Pe re\u021belele sociale, ea a exprimat recuno\u0219tin\u021ba fa\u021b\u0103 de Viktor Orb\u00e1n, subliniind colaborarea fructuoas\u0103 pe parcursul anilor. De asemenea, Meloni l-a felicitat pe acesta pentru \u201eclara victorie electoral\u0103\u201d ob\u021binut\u0103.<\/p>\n<p class=\"font-claude-response-body break-words whitespace-normal leading-[1.7]\">\u00cen contrast, vicepremierul Matteo Salvini a adoptat o pozi\u021bie mai rezervat\u0103. \u201eI-am trimis mesaje lui Orb\u00e1n, o persoan\u0103 care a f\u0103cut at\u00e2t de mult pentru poporul s\u0103u\u201d, a declarat el \u00een cadrul unei emisiuni la Tele Lombardia. Salvini a subliniat c\u0103 va fi interesant s\u0103 observe dac\u0103 noul guvern va reu\u0219i s\u0103 ating\u0103 m\u0103car o parte din realiz\u0103rile lui Orb\u00e1n. El a explicat c\u0103 \u00eenfr\u00e2ngerea lui Orb\u00e1n a fost influen\u021bat\u0103 de blocarea fondurilor de c\u0103tre Bruxelles din cauza politicilor sale stricte referitoare la imigra\u021bie, ceea ce, \u00een opinia sa, i-a afectat \u0219ansele de victorie.<\/p>\n<p class=\"font-claude-response-body break-words whitespace-normal leading-[1.7]\">Pe de alt\u0103 parte, secretara Partidului Democrat, Elly Schlein, a s\u0103rb\u0103torit rezultatul alegerilor f\u0103r\u0103 ezitare. \u201eTimpul suveranismului \u0219i al dreptei suveraniste s-a \u00eencheiat\u201d, a declarat ea la <a href=\"https:\/\/www.la7.it\/\" target=\"_blank\" rel=\"noopener\">La7<\/a>. Schlein a afirmat c\u0103 Orb\u00e1n a pierdut, iar al\u0103turi de el au pierdut \u0219i Trump, Meloni \u0219i Salvini, f\u0103c\u00e2nd referire la videoclipurile lor de sus\u021binere a autocra\u021biei. \u00cen plus, ea a transmis un mesaj clar premierului italian: \u201eAcum Meloni nu mai are scuze pentru a nu duce o lupt\u0103 comun\u0103 pentru investi\u021biile europene\u201d.<\/p>\n<p class=\"font-claude-response-body break-words whitespace-normal leading-[1.7]\">Cel mai sever atac a venit din partea liderului Italia Viva, Matteo Renzi. Acesta a comentat: \u201eDup\u0103 \u0219aisprezece ani, Orb\u00e1n este KO. S\u0103 nu subestim\u0103m nici atingerea magic\u0103 a lui Meloni, care a devenit un fel de rege Midas inversat\u201d. Renzi a continuat s\u0103 sublinieze c\u0103 premierul italian a sus\u021binut lideri anti-europeni din Polonia, Spania \u0219i Ungaria, to\u021bi av\u00e2nd de suferit, ad\u0103ug\u00e2nd: \u201eEuropa c\u00e2\u0219tig\u0103, Maga pierde\u201d.<\/p>\n","protected":false},"excerpt":{"rendered":"<p>Giorgia Meloni a fost printre primii lideri care au reac\u021bionat la rezultatele recente ale alegerilor din Ungaria. Pe re\u021belele sociale, ea a exprimat recuno\u0219tin\u021ba fa\u021b\u0103 de Viktor Orb\u00e1n, subliniind colaborarea fructuoas\u0103 pe parcursul anilor. De asemenea, Meloni l-a felicitat pe acesta pentru \u201eclara victorie electoral\u0103\u201d ob\u021binut\u0103. \u00cen contrast, vicepremierul Matteo Salvini a adoptat o pozi\u021bie [&hellip;]<\/p>\n","protected":false},"author":2,"featured_media":13658,"comment_status":"open","ping_status":"open","sticky":false,"template":"","format":"standard","meta":{"jnews-multi-image_gallery":[],"jnews_single_post":[],"jnews_primary_category":[],"jnews_override_counter":[],"footnotes":""},"categories":[39],"tags":[1042,297,1897,510,15609,1924,64,2103],"class_list":["post-13657","post","type-post","status-publish","format-standard","has-post-thumbnail","hentry","category-stirile-zilei","tag-alegeri","tag-colaborare","tag-imigratie","tag-meloni","tag-salvini","tag-ungaria","tag-victorie","tag-viktor-orban"],"_links":{"self":[{"href":"https:\/\/www.newsrecorder.ro\/app\/wp-json\/wp\/v2\/posts\/13657","targetHints":{"allow":["GET"]}}],"collection":[{"href":"https:\/\/www.newsrecorder.ro\/app\/wp-json\/wp\/v2\/posts"}],"about":[{"href":"https:\/\/www.newsrecorder.ro\/app\/wp-json\/wp\/v2\/types\/post"}],"author":[{"embeddable":true,"href":"https:\/\/www.newsrecorder.ro\/app\/wp-json\/wp\/v2\/users\/2"}],"replies":[{"embeddable":true,"href":"https:\/\/www.newsrecorder.ro\/app\/wp-json\/wp\/v2\/comments?post=13657"}],"version-history":[{"count":0,"href":"https:\/\/www.newsrecorder.ro\/app\/wp-json\/wp\/v2\/posts\/13657\/revisions"}],"wp:featuredmedia":[{"embeddable":true,"href":"https:\/\/www.newsrecorder.ro\/app\/wp-json\/wp\/v2\/media\/13658"}],"wp:attachment":[{"href":"https:\/\/www.newsrecorder.ro\/app\/wp-json\/wp\/v2\/media?parent=13657"}],"wp:term":[{"taxonomy":"category","embeddable":true,"href":"https:\/\/www.newsrecorder.ro\/app\/wp-json\/wp\/v2\/categories?post=13657"},{"taxonomy":"post_tag","embeddable":true,"href":"https:\/\/www.newsrecorder.ro\/app\/wp-json\/wp\/v2\/tags?post=13657"}],"curies":[{"name":"wp","href":"https:\/\/api.w.org\/{rel}","templated":true}]}}