{"id":13663,"date":"2026-04-13T15:12:09","date_gmt":"2026-04-13T15:12:09","guid":{"rendered":"https:\/\/www.newsrecorder.ro\/app\/2026\/04\/13\/alcaraz-vs-sinner-batalia-decisiva-pentru-tronul-tenisului-masculin\/"},"modified":"2026-04-13T15:12:09","modified_gmt":"2026-04-13T15:12:09","slug":"alcaraz-vs-sinner-batalia-decisiva-pentru-tronul-tenisului-masculin","status":"publish","type":"post","link":"https:\/\/www.newsrecorder.ro\/app\/2026\/04\/13\/alcaraz-vs-sinner-batalia-decisiva-pentru-tronul-tenisului-masculin\/","title":{"rendered":"Alcaraz vs. Sinner: B\u0103t\u0103lia decisiv\u0103 pentru tronul tenisului masculin!"},"content":{"rendered":"<p>Luni, Jannik Sinner va ocupa pozi\u021bia de lider \u00een clasamentul ATP, \u00eenlocuindu-l pe Carlos Alcaraz, dup\u0103 ce l-a \u00eenvins pe spaniol \u00een <a style=\"color: #0000ff\" href=\"https:\/\/www.mediafax.ro\/sport\/sinner-castiga-titlul-la-monte-carlo-si-revine-pe-primul-loc-mondial-23719107\" target=\"_blank\" rel=\"noopener\">finala de la Monte Carlo<\/a>. Totu\u0219i, competi\u021bia pentru locul 1 mondial este departe de a se \u00eencheia, conform celor de la <a style=\"color: #0000ff\" href=\"https:\/\/www.atptour.com\/en\/news\/alcaraz-sinner-monte-carlo-2026-post-final-no-1-projection\" target=\"_blank\" rel=\"noopener\">ATP Tour<\/a>.<\/p>\n<p>\u00cenainte de a participa la turneul de la Monte-Carlo, Alcaraz a recunoscut deschis c\u0103 are mult de munc\u0103 pentru a-l men\u021bine pe Sinner la distan\u021b\u0103.<\/p>\n<p>\u00cen acest moment, Sinner dispune de un avantaj de 110 puncte fa\u021b\u0103 de spaniol.<\/p>\n<p>Cu toate acestea, Alcaraz va avea ocazia s\u0103 recupereze locul 1 mondial \u00eencep\u00e2nd de s\u0103pt\u0103m\u00e2na viitoare. Spaniolul va trebui s\u0103 apere 330 de puncte la Barcelona, unde a ajuns \u00een final\u0103 anul trecut. Dac\u0103 Sinner c\u00e2\u0219tig\u0103 turneul ATP 500, va schimba din nou pozi\u021bia cu Sinner pe 20 aprilie. \u00cen contrast, dac\u0103 Alcaraz nu reu\u0219e\u0219te s\u0103 c\u00e2\u0219tige trofeul, Sinner va r\u0103m\u00e2ne pe prima pozi\u021bie.<\/p>\n<p>Niciunul dintre cei doi juc\u0103tori nu va avea de ap\u0103rat puncte la turneul ATP Masters 1000 de la Madrid, acolo unde Alcaraz a c\u00e2\u0219tigat dou\u0103 titluri \u0219i are un bilan\u021b impresionant de 15-2. Aceasta \u00eenseamn\u0103 c\u0103 juc\u0103torul din Murcia are oportunitatea de a riposta rapid \u00eenainte de a fi supus unei presiuni intense cu cele 3.000 de puncte de ap\u0103rat la Roma \u0219i Roland Garros.<\/p>\n<p>Exist\u0103, de asemenea, posibilitatea ca Alcaraz s\u0103-\u0219i apere cu succes punctele la aceste turnee. Cu un an \u00een urm\u0103, acesta l-a \u00eenfruntat pe Sinner \u00een final\u0103 at\u00e2t la Roma, c\u00e2t \u0219i la Roland Garros, reu\u0219ind s\u0103-l \u00eenving\u0103 pe rivalul s\u0103u.<\/p>\n","protected":false},"excerpt":{"rendered":"<p>Luni, Jannik Sinner va ocupa pozi\u021bia de lider \u00een clasamentul ATP, \u00eenlocuindu-l pe Carlos Alcaraz, dup\u0103 ce l-a \u00eenvins pe spaniol \u00een finala de la Monte Carlo. Totu\u0219i, competi\u021bia pentru locul 1 mondial este departe de a se \u00eencheia, conform celor de la ATP Tour. \u00cenainte de a participa la turneul de la Monte-Carlo, Alcaraz [&hellip;]<\/p>\n","protected":false},"author":6,"featured_media":13664,"comment_status":"open","ping_status":"open","sticky":false,"template":"","format":"standard","meta":{"jnews-multi-image_gallery":[],"jnews_single_post":[],"jnews_primary_category":[],"jnews_override_counter":[],"footnotes":""},"categories":[46],"tags":[327,332,56,841,16359,14844,1106,16358],"class_list":["post-13663","post","type-post","status-publish","format-standard","has-post-thumbnail","hentry","category-sport","tag-carlos-alcaraz","tag-clasament-atp","tag-competitie","tag-jannik-sinner","tag-locul-1-mondial","tag-monte-carlo","tag-puncte","tag-turneu-atp-500"],"_links":{"self":[{"href":"https:\/\/www.newsrecorder.ro\/app\/wp-json\/wp\/v2\/posts\/13663","targetHints":{"allow":["GET"]}}],"collection":[{"href":"https:\/\/www.newsrecorder.ro\/app\/wp-json\/wp\/v2\/posts"}],"about":[{"href":"https:\/\/www.newsrecorder.ro\/app\/wp-json\/wp\/v2\/types\/post"}],"author":[{"embeddable":true,"href":"https:\/\/www.newsrecorder.ro\/app\/wp-json\/wp\/v2\/users\/6"}],"replies":[{"embeddable":true,"href":"https:\/\/www.newsrecorder.ro\/app\/wp-json\/wp\/v2\/comments?post=13663"}],"version-history":[{"count":0,"href":"https:\/\/www.newsrecorder.ro\/app\/wp-json\/wp\/v2\/posts\/13663\/revisions"}],"wp:featuredmedia":[{"embeddable":true,"href":"https:\/\/www.newsrecorder.ro\/app\/wp-json\/wp\/v2\/media\/13664"}],"wp:attachment":[{"href":"https:\/\/www.newsrecorder.ro\/app\/wp-json\/wp\/v2\/media?parent=13663"}],"wp:term":[{"taxonomy":"category","embeddable":true,"href":"https:\/\/www.newsrecorder.ro\/app\/wp-json\/wp\/v2\/categories?post=13663"},{"taxonomy":"post_tag","embeddable":true,"href":"https:\/\/www.newsrecorder.ro\/app\/wp-json\/wp\/v2\/tags?post=13663"}],"curies":[{"name":"wp","href":"https:\/\/api.w.org\/{rel}","templated":true}]}}