{"id":13667,"date":"2026-04-13T15:12:33","date_gmt":"2026-04-13T15:12:33","guid":{"rendered":"https:\/\/www.newsrecorder.ro\/app\/2026\/04\/13\/ianis-zicu-paraseste-banca-tehnica-a-farului-constanta\/"},"modified":"2026-04-13T15:12:33","modified_gmt":"2026-04-13T15:12:33","slug":"ianis-zicu-paraseste-banca-tehnica-a-farului-constanta","status":"publish","type":"post","link":"https:\/\/www.newsrecorder.ro\/app\/2026\/04\/13\/ianis-zicu-paraseste-banca-tehnica-a-farului-constanta\/","title":{"rendered":"Ianis Zicu p\u0103r\u0103se\u0219te banca tehnic\u0103 a Farului Constan\u021ba!"},"content":{"rendered":"<p>Reprezentan\u021bii clubului Farul Constan\u021ba au anun\u021bat o schimbare important\u0103 \u00een staff-ul tehnic. Decizia de a \u00eentrerupe colaborarea cu antrenorul Ianis Zicu a fost luat\u0103 \u201ela dorin\u021ba antrenorului principal\u201d.<\/p>\n<p>Conform unui comunicat oficial emis de club, dup\u0103 o ultim\u0103 discu\u021bie cu Zicu, care a condus echipa \u00een ultimele 34 de etape din sezonul 2025\/2026, s-a decis rezilierea contractului. \u00cencep\u00e2nd de luni, Ianis Zicu nu mai este antrenorul echipei const\u0103n\u021bene.<\/p>\n<p>\u201e\u00cei mul\u021bumim lui Ianis Zicu pentru tot \u0219i \u00eei ur\u0103m mult succes \u00een urm\u0103toarele provoc\u0103ri\u201d, au declarat oficialii clubului Farul Constan\u021ba.<\/p>\n<p>\u00cen acest moment, Farul ocup\u0103 locul 5 \u00een play-out-ul Superligii, av\u00e2nd un total de 23 de puncte acumulate p\u00e2n\u0103 \u00een prezent.<\/p>\n","protected":false},"excerpt":{"rendered":"<p>Reprezentan\u021bii clubului Farul Constan\u021ba au anun\u021bat o schimbare important\u0103 \u00een staff-ul tehnic. Decizia de a \u00eentrerupe colaborarea cu antrenorul Ianis Zicu a fost luat\u0103 \u201ela dorin\u021ba antrenorului principal\u201d. Conform unui comunicat oficial emis de club, dup\u0103 o ultim\u0103 discu\u021bie cu Zicu, care a condus echipa \u00een ultimele 34 de etape din sezonul 2025\/2026, s-a decis [&hellip;]<\/p>\n","protected":false},"author":6,"featured_media":13668,"comment_status":"open","ping_status":"open","sticky":false,"template":"","format":"standard","meta":{"jnews-multi-image_gallery":[],"jnews_single_post":[],"jnews_primary_category":[],"jnews_override_counter":[],"footnotes":""},"categories":[46],"tags":[838,1162,82,1574,16364,10021,16365,976],"class_list":["post-13667","post","type-post","status-publish","format-standard","has-post-thumbnail","hentry","category-sport","tag-antrenor","tag-contract","tag-echipa","tag-farul-constanta","tag-ian-ziscu","tag-play-out","tag-schimbare-staff","tag-superliga"],"_links":{"self":[{"href":"https:\/\/www.newsrecorder.ro\/app\/wp-json\/wp\/v2\/posts\/13667","targetHints":{"allow":["GET"]}}],"collection":[{"href":"https:\/\/www.newsrecorder.ro\/app\/wp-json\/wp\/v2\/posts"}],"about":[{"href":"https:\/\/www.newsrecorder.ro\/app\/wp-json\/wp\/v2\/types\/post"}],"author":[{"embeddable":true,"href":"https:\/\/www.newsrecorder.ro\/app\/wp-json\/wp\/v2\/users\/6"}],"replies":[{"embeddable":true,"href":"https:\/\/www.newsrecorder.ro\/app\/wp-json\/wp\/v2\/comments?post=13667"}],"version-history":[{"count":0,"href":"https:\/\/www.newsrecorder.ro\/app\/wp-json\/wp\/v2\/posts\/13667\/revisions"}],"wp:featuredmedia":[{"embeddable":true,"href":"https:\/\/www.newsrecorder.ro\/app\/wp-json\/wp\/v2\/media\/13668"}],"wp:attachment":[{"href":"https:\/\/www.newsrecorder.ro\/app\/wp-json\/wp\/v2\/media?parent=13667"}],"wp:term":[{"taxonomy":"category","embeddable":true,"href":"https:\/\/www.newsrecorder.ro\/app\/wp-json\/wp\/v2\/categories?post=13667"},{"taxonomy":"post_tag","embeddable":true,"href":"https:\/\/www.newsrecorder.ro\/app\/wp-json\/wp\/v2\/tags?post=13667"}],"curies":[{"name":"wp","href":"https:\/\/api.w.org\/{rel}","templated":true}]}}