{"id":13675,"date":"2026-04-13T15:13:50","date_gmt":"2026-04-13T15:13:50","guid":{"rendered":"https:\/\/www.newsrecorder.ro\/app\/2026\/04\/13\/viktor-orban-amenintari-la-adresa-propriului-popor-si-alegerile-sua\/"},"modified":"2026-04-13T15:13:50","modified_gmt":"2026-04-13T15:13:50","slug":"viktor-orban-amenintari-la-adresa-propriului-popor-si-alegerile-sua","status":"publish","type":"post","link":"https:\/\/www.newsrecorder.ro\/app\/2026\/04\/13\/viktor-orban-amenintari-la-adresa-propriului-popor-si-alegerile-sua\/","title":{"rendered":"Viktor Orb\u00e1n: Amenin\u021b\u0103ri la adresa propriului popor \u0219i alegerile SUA"},"content":{"rendered":"<p><a href=\"https:\/\/www.mediafax.ro\/externe\/peter-magyar-cere-convocarea-noului-parlament-cat-mai-curand-posibil-si-promite-schimbari-ungaria-sustine-pacea-guvernul-tisza-va-fi-guvernul-pacii-23719489\" target=\"_blank\" rel=\"noopener\">Peter Magyar<\/a> a subliniat c\u0103 rezultatul recentelor alegeri reflect\u0103 voin\u021ba clar\u0103 a cet\u0103\u021benilor \u0219i a afirmat c\u0103 Ungaria trebuie s\u0103-\u0219i reafirme rolul \u00een Europa. De asemenea, el a accentuat necesitatea unei schimb\u0103ri profunde \u00een modul de guvernare al \u021b\u0103rii. Prioritatea principal\u0103 a noului executiv va fi accesarea fondurilor europene pentru a impulsiona relansarea economiei.<\/p>\n<p><strong>\u201e\u00centr-un climat de nesiguran\u021b\u0103, \u00eentr-un sistem de partid-stat, cet\u0103\u021benii au reu\u0219it, cu curaj \u0219i f\u0103r\u0103 fric\u0103, s\u0103 se ridice pentru o Ungarie liber\u0103, independent\u0103 \u0219i cu adev\u0103rat suveran\u0103. Locul nostru este \u00een Europa, a fost, este \u0219i va fi \u00eentotdeauna\u201d, a declarat Magyar.<\/strong><\/p>\n<p>Un segment semnificativ din discursul s\u0103u a fost dedicat fostului premier Viktor Orb\u00e1n, pe care Magyar l-a acuzat de propagand\u0103 \u0219i de neglijarea problemelor esen\u021biale ale societ\u0103\u021bii.<\/p>\n<p><strong>\u201eViktor Orb\u00e1n a amenin\u021bat propriul s\u0103u popor. A \u00eencercat s\u0103 instileze fric\u0103 \u00een r\u00e2ndul copiilor, p\u0103rin\u021bilor \u0219i bunicilor no\u0219tri, avertiz\u00e2ndu-i c\u0103, dac\u0103 va veni un alt guvern, familiile lor vor fi trimise pe frontul din Ucraina. Este incredibil c\u00e2t de departe a mers Orb\u00e1n pentru a-\u0219i p\u0103stra puterea \u0219i privilegiile. Vreau s\u0103 transmit tuturor maghiarilor \u0219i lumii \u00eentregi c\u0103 \u00een Ungaria nu exist\u0103 dorin\u021ba de r\u0103zboi. Ungaria este de partea p\u0103cii, iar guvernul Tisza va fi un guvern dedicat p\u0103cii\u201d, a afirmat Magyar.<\/strong><\/p>\n<p>Contrar lui Viktor Orb\u00e1n, care, potrivit lui Magyar, nu s-a mai concentrat pe problemele reale ale cet\u0103\u021benilor, precum s\u0103n\u0103tatea, educa\u021bia \u0219i costul vie\u021bii, Magyar a subliniat c\u0103 fostul premier a fost prea preocupat de chestiuni externe. \u201eOrb\u00e1n a jucat un fel de \u0219ah \u00een cinci dimensiuni, discut\u00e2nd despre orice, de la Ucraina \u0219i Rusia, p\u00e2n\u0103 la alegerile preziden\u021biale americane. <strong>Probabil c\u0103, dac\u0103 ar fi fost trezit din somn, ar fi spus c\u0103 el a c\u00e2\u0219tigat alegerile din SUA, nu Donald Trump<\/strong>. A abordat orice subiect, mai pu\u021bin problemele cu care se confrunt\u0103 cet\u0103\u021benii maghiari\u201d, a ad\u0103ugat Magyar.<\/p>\n<p>\u201eOamenii au spus &#8216;nu&#8217; acestui mod de a face politic\u0103. Istoria Ungariei este scris\u0103 de maghiari, nu la Moscova, Bruxelles sau Washington, ci pe str\u0103zile \u0219i \u00een pie\u021bele Ungariei, de c\u0103tre poporul maghiar\u201d, a concluzionat Magyar.<\/p>\n","protected":false},"excerpt":{"rendered":"<p>Peter Magyar a subliniat c\u0103 rezultatul recentelor alegeri reflect\u0103 voin\u021ba clar\u0103 a cet\u0103\u021benilor \u0219i a afirmat c\u0103 Ungaria trebuie s\u0103-\u0219i reafirme rolul \u00een Europa. De asemenea, el a accentuat necesitatea unei schimb\u0103ri profunde \u00een modul de guvernare al \u021b\u0103rii. Prioritatea principal\u0103 a noului executiv va fi accesarea fondurilor europene pentru a impulsiona relansarea economiei. \u201e\u00centr-un [&hellip;]<\/p>\n","protected":false},"author":2,"featured_media":13676,"comment_status":"open","ping_status":"open","sticky":false,"template":"","format":"standard","meta":{"jnews-multi-image_gallery":[],"jnews_single_post":[],"jnews_primary_category":[],"jnews_override_counter":[],"footnotes":""},"categories":[41],"tags":[5435,1766,4748,16370,16371,917,2103,16372],"class_list":["post-13675","post","type-post","status-publish","format-standard","has-post-thumbnail","hentry","category-externe","tag-alegeri-ungaria","tag-fonduri-europene","tag-peter-magyar","tag-relansare-economie","tag-schimbare-guvernare","tag-suveranitate","tag-viktor-orban","tag-vointa-cetatenilor"],"_links":{"self":[{"href":"https:\/\/www.newsrecorder.ro\/app\/wp-json\/wp\/v2\/posts\/13675","targetHints":{"allow":["GET"]}}],"collection":[{"href":"https:\/\/www.newsrecorder.ro\/app\/wp-json\/wp\/v2\/posts"}],"about":[{"href":"https:\/\/www.newsrecorder.ro\/app\/wp-json\/wp\/v2\/types\/post"}],"author":[{"embeddable":true,"href":"https:\/\/www.newsrecorder.ro\/app\/wp-json\/wp\/v2\/users\/2"}],"replies":[{"embeddable":true,"href":"https:\/\/www.newsrecorder.ro\/app\/wp-json\/wp\/v2\/comments?post=13675"}],"version-history":[{"count":0,"href":"https:\/\/www.newsrecorder.ro\/app\/wp-json\/wp\/v2\/posts\/13675\/revisions"}],"wp:featuredmedia":[{"embeddable":true,"href":"https:\/\/www.newsrecorder.ro\/app\/wp-json\/wp\/v2\/media\/13676"}],"wp:attachment":[{"href":"https:\/\/www.newsrecorder.ro\/app\/wp-json\/wp\/v2\/media?parent=13675"}],"wp:term":[{"taxonomy":"category","embeddable":true,"href":"https:\/\/www.newsrecorder.ro\/app\/wp-json\/wp\/v2\/categories?post=13675"},{"taxonomy":"post_tag","embeddable":true,"href":"https:\/\/www.newsrecorder.ro\/app\/wp-json\/wp\/v2\/tags?post=13675"}],"curies":[{"name":"wp","href":"https:\/\/api.w.org\/{rel}","templated":true}]}}