{"id":13683,"date":"2026-04-13T15:14:52","date_gmt":"2026-04-13T15:14:52","guid":{"rendered":"https:\/\/www.newsrecorder.ro\/app\/2026\/04\/13\/basescu-poporul-maghiar-l-a-invins-pe-orban-trump-si-putin\/"},"modified":"2026-04-13T15:14:52","modified_gmt":"2026-04-13T15:14:52","slug":"basescu-poporul-maghiar-l-a-invins-pe-orban-trump-si-putin","status":"publish","type":"post","link":"https:\/\/www.newsrecorder.ro\/app\/2026\/04\/13\/basescu-poporul-maghiar-l-a-invins-pe-orban-trump-si-putin\/","title":{"rendered":"\u201eB\u0103sescu: Poporul maghiar l-a \u00eenvins pe Orban, Trump \u0219i Putin!\u201d"},"content":{"rendered":"<p><strong><a style=\"color: #0000ff\" href=\"https:\/\/www.mediafax.ro\/politic\/traian-basescu-carburantul-ar-trebui-rationalizat-pentru-a-evita-o-criza-plafonarea-preturilor-o-mare-greseala-23715500\">Trump va pleca<\/a><\/strong>, dar America va r\u0103m\u00e2ne.<\/p>\n<p>\u00centr-o mi\u0219care surprinz\u0103toare, tandemul Donald Trump &#8211; Vladimir Putin, care a investit masiv \u00een sprijinirea lui Viktor Orb\u00e1n, a fost \u00eenfruntat de voin\u021ba poporului maghiar. Duminic\u0103, cei doi lideri au realizat c\u0103 exist\u0103 un factor mai puternic dec\u00e2t toate armele lor nucleare, bombardierele devastatoare \u0219i trupele preg\u0103tite s\u0103 invadeze: votul democratic.<\/p>\n<p>At\u00e2t Trump, c\u00e2t \u0219i Putin dispre\u021buiesc democra\u021bia \u0219i ordinea interna\u021bional\u0103 bazat\u0103 pe reguli. Ei resping Europa democratic\u0103, unit\u0103, bazat\u0103 pe valori \u0219i principii. Prin urmare, ambi\u021biile lor de a destr\u0103ma Europa pentru a o controla au fost contracarate de puterea cet\u0103\u021benilor care s-au exprimat clar \u00een alegeri. Duminica aceasta a fost o lec\u021bie pentru ei: Trump va pleca, dar America va r\u0103m\u00e2ne!<\/p>\n<p>Aceste evenimente sunt reflectate \u00een rezultatele recente ale alegerilor parlamentare din Ungaria, unde Partidul de opozi\u021bie Tisza, condus de P\u00e9ter Magyar, a ob\u021binut o victorie istoric\u0103. Alegerile, desf\u0103\u0219urate pe 12 aprilie 2026, au pus cap\u0103t celor 16 ani de conducere a lui Viktor Orb\u00e1n.<\/p>\n<p>P\u00e9ter Magyar a reu\u0219it s\u0103 c\u00e2\u0219tige 138 din cele 199 de mandate \u00een noul Parlament, dep\u0103\u0219ind astfel pragul de dou\u0103 treimi (133 de locuri) necesar pentru a modifica Constitu\u021bia. Viktor Orb\u00e1n a recunoscut rapid \u00eenfr\u00e2ngerea, numind rezultatul \u201edureros, dar f\u0103r\u0103 echivoc\u201d.<\/p>\n<p>Liderul Tisza, P\u00e9ter Magyar, a declarat c\u0103 acest rezultat simbolizeaz\u0103 \u201eeliberarea Ungariei\u201d \u0219i deschide calea pentru reforme semnificative, precum \u0219i pentru \u00eembun\u0103t\u0103\u021birea rela\u021biilor cu Uniunea European\u0103.<\/p>\n","protected":false},"excerpt":{"rendered":"<p>Trump va pleca, dar America va r\u0103m\u00e2ne. \u00centr-o mi\u0219care surprinz\u0103toare, tandemul Donald Trump &#8211; Vladimir Putin, care a investit masiv \u00een sprijinirea lui Viktor Orb\u00e1n, a fost \u00eenfruntat de voin\u021ba poporului maghiar. Duminic\u0103, cei doi lideri au realizat c\u0103 exist\u0103 un factor mai puternic dec\u00e2t toate armele lor nucleare, bombardierele devastatoare \u0219i trupele preg\u0103tite s\u0103 [&hellip;]<\/p>\n","protected":false},"author":2,"featured_media":13684,"comment_status":"open","ping_status":"open","sticky":false,"template":"","format":"standard","meta":{"jnews-multi-image_gallery":[],"jnews_single_post":[],"jnews_primary_category":[],"jnews_override_counter":[],"footnotes":""},"categories":[41],"tags":[1042,288,16379,1887,1735,1924,10492,7320],"class_list":["post-13683","post","type-post","status-publish","format-standard","has-post-thumbnail","hentry","category-externe","tag-alegeri","tag-democratie","tag-partidul-de-opozitie","tag-putin","tag-trump","tag-ungaria","tag-valori-europene","tag-vointa-poporului"],"_links":{"self":[{"href":"https:\/\/www.newsrecorder.ro\/app\/wp-json\/wp\/v2\/posts\/13683","targetHints":{"allow":["GET"]}}],"collection":[{"href":"https:\/\/www.newsrecorder.ro\/app\/wp-json\/wp\/v2\/posts"}],"about":[{"href":"https:\/\/www.newsrecorder.ro\/app\/wp-json\/wp\/v2\/types\/post"}],"author":[{"embeddable":true,"href":"https:\/\/www.newsrecorder.ro\/app\/wp-json\/wp\/v2\/users\/2"}],"replies":[{"embeddable":true,"href":"https:\/\/www.newsrecorder.ro\/app\/wp-json\/wp\/v2\/comments?post=13683"}],"version-history":[{"count":0,"href":"https:\/\/www.newsrecorder.ro\/app\/wp-json\/wp\/v2\/posts\/13683\/revisions"}],"wp:featuredmedia":[{"embeddable":true,"href":"https:\/\/www.newsrecorder.ro\/app\/wp-json\/wp\/v2\/media\/13684"}],"wp:attachment":[{"href":"https:\/\/www.newsrecorder.ro\/app\/wp-json\/wp\/v2\/media?parent=13683"}],"wp:term":[{"taxonomy":"category","embeddable":true,"href":"https:\/\/www.newsrecorder.ro\/app\/wp-json\/wp\/v2\/categories?post=13683"},{"taxonomy":"post_tag","embeddable":true,"href":"https:\/\/www.newsrecorder.ro\/app\/wp-json\/wp\/v2\/tags?post=13683"}],"curies":[{"name":"wp","href":"https:\/\/api.w.org\/{rel}","templated":true}]}}