{"id":13685,"date":"2026-04-13T15:15:13","date_gmt":"2026-04-13T15:15:13","guid":{"rendered":"https:\/\/www.newsrecorder.ro\/app\/2026\/04\/13\/ursula-von-der-leyen-mesaj-crucial-in-criza-energetica\/"},"modified":"2026-04-13T15:15:13","modified_gmt":"2026-04-13T15:15:13","slug":"ursula-von-der-leyen-mesaj-crucial-in-criza-energetica","status":"publish","type":"post","link":"https:\/\/www.newsrecorder.ro\/app\/2026\/04\/13\/ursula-von-der-leyen-mesaj-crucial-in-criza-energetica\/","title":{"rendered":"\u201eUrsula von der Leyen: Mesaj crucial \u00een criza energetic\u0103!\u201d"},"content":{"rendered":"<p>Recent, Ursula von der Leyen, pre\u0219edinta Comisiei Europene, a discutat despre m\u0103surile energetice imediate \u0219i pe termen lung care vor fi prezentate liderilor la reuniunea informal\u0103 a Consiliului European. Ea a subliniat faptul c\u0103 drumul de urmat este unul clar \u0219i c\u0103 singura solu\u021bie sustenabil\u0103 pentru a sc\u0103pa de dependen\u021ba de combustibilii fosili este tranzi\u021bia c\u0103tre surse regenerabile de energie \u0219i <a style=\"color: #0000ff\" href=\"https:\/\/ec.europa.eu\/commission\/presscorner\/detail\/es\/speech_26_581\">energia nuclear\u0103<\/a>.<\/p>\n<p>Von der Leyen a accentuat importan\u021ba electrific\u0103rii rapide a economiei, anun\u021b\u00e2nd c\u0103 strategia de electrificare va fi prezentat\u0103 \u00eenainte de var\u0103. \u201eElectrificarea Europei \u00eenseamn\u0103 cre\u0219terea independen\u021bei Europei\u201d, a afirmat aceasta.<\/p>\n<p>\u00cen cadrul unui summit dedicat energiei nucleare desf\u0103\u0219urat la Paris \u00een martie 2026, von der Leyen a caracterizat decizia Europei de a reduce aportul energiei nucleare ca fiind o <strong>\u201egre\u0219eal\u0103 strategic\u0103\u201d<\/strong>. Ea a eviden\u021biat c\u0103 dependen\u021ba tot mai mare de importurile de combustibili fosili a expus continentul la riscuri geopolitice, cum ar fi conflictul din Orientul Mijlociu.<\/p>\n<p>Pre\u0219edinta Comisiei Europene a subliniat c\u0103 cel mai eficient sistem energetic \u00eembin\u0103 energia nuclear\u0103 cu cea regenerabil\u0103, sus\u021binute de solu\u021bii de stocare \u0219i re\u021bele moderne, pentru a asigura independen\u021ba \u0219i securitatea aprovizion\u0103rii cu energie.<\/p>\n<p>Comisia a lansat recent o <a class=\"H23r4e\" href=\"https:\/\/ec.europa.eu\/commission\/presscorner\/detail\/es\/speech_26_581\" target=\"_blank\" rel=\"noopener\" data-hveid=\"CAQQAg\" data-copy-service-computed-style=\"font-family: &quot;Google Sans&quot;, Arial, sans-serif; font-size: 16px; font-weight: 500; margin: 0px; text-decoration: underline 1px rgb(21, 88, 214); border-bottom: 0px rgb(21, 88, 214);\">Strategie European\u0103 pentru SMR-uri<\/a>, av\u00e2nd ca obiectiv ca aceste reactoare s\u0103 devin\u0103 opera\u021bionale \u00een Europa p\u00e2n\u0103 la \u00eenceputul anilor 2030.<\/p>\n<p>\u00cen acest context, a fost anun\u021bat un pachet de sprijin \u00een valoare de <strong class=\"Yjhzub\" data-sfc-root=\"c\" data-sfc-cb=\"\" data-complete=\"true\" data-copy-service-computed-style=\"font-family: &quot;Google Sans&quot;, Arial, sans-serif; font-size: 16px; font-weight: 700; margin: 0px; text-decoration: none; border-bottom: 0px rgb(10, 10, 10);\">200 de milioane de euro<\/strong>, destinat garan\u021biilor pentru primele unit\u0103\u021bi comerciale de tehnologii nucleare inovatoare.<\/p>\n<p>De asemenea, Uniunea European\u0103 propune investi\u021bii de peste <strong class=\"Yjhzub\" data-sfc-root=\"c\" data-sfc-cb=\"\" data-complete=\"true\" data-copy-service-computed-style=\"font-family: &quot;Google Sans&quot;, Arial, sans-serif; font-size: 16px; font-weight: 700; margin: 0px; text-decoration: none; border-bottom: 0px rgb(10, 10, 10);\">5 miliarde de euro<\/strong> \u00een cercetarea \u00een domeniul fuziunii nucleare, prin proiecte precum ITER, \u00een urm\u0103torul buget. Planul include \u0219i armonizarea normelor de licen\u021biere pentru a facilita desf\u0103\u0219urarea noilor tehnologii nucleare pe \u00eentreg teritoriul Uniunii Europene.<\/p>\n","protected":false},"excerpt":{"rendered":"<p>Recent, Ursula von der Leyen, pre\u0219edinta Comisiei Europene, a discutat despre m\u0103surile energetice imediate \u0219i pe termen lung care vor fi prezentate liderilor la reuniunea informal\u0103 a Consiliului European. Ea a subliniat faptul c\u0103 drumul de urmat este unul clar \u0219i c\u0103 singura solu\u021bie sustenabil\u0103 pentru a sc\u0103pa de dependen\u021ba de combustibilii fosili este tranzi\u021bia [&hellip;]<\/p>\n","protected":false},"author":2,"featured_media":13686,"comment_status":"open","ping_status":"open","sticky":false,"template":"","format":"standard","meta":{"jnews-multi-image_gallery":[],"jnews_single_post":[],"jnews_primary_category":[],"jnews_override_counter":[],"footnotes":""},"categories":[41],"tags":[5641,499,4782,8044,16381,16380,10851,4620],"class_list":["post-13685","post","type-post","status-publish","format-standard","has-post-thumbnail","hentry","category-externe","tag-combustibili-fosili","tag-comisia-europeana","tag-electrificare","tag-energie-nucleara","tag-independenta-europei","tag-masuri-energetice","tag-surse-regenerabile","tag-ursula-von-der-leyen"],"_links":{"self":[{"href":"https:\/\/www.newsrecorder.ro\/app\/wp-json\/wp\/v2\/posts\/13685","targetHints":{"allow":["GET"]}}],"collection":[{"href":"https:\/\/www.newsrecorder.ro\/app\/wp-json\/wp\/v2\/posts"}],"about":[{"href":"https:\/\/www.newsrecorder.ro\/app\/wp-json\/wp\/v2\/types\/post"}],"author":[{"embeddable":true,"href":"https:\/\/www.newsrecorder.ro\/app\/wp-json\/wp\/v2\/users\/2"}],"replies":[{"embeddable":true,"href":"https:\/\/www.newsrecorder.ro\/app\/wp-json\/wp\/v2\/comments?post=13685"}],"version-history":[{"count":0,"href":"https:\/\/www.newsrecorder.ro\/app\/wp-json\/wp\/v2\/posts\/13685\/revisions"}],"wp:featuredmedia":[{"embeddable":true,"href":"https:\/\/www.newsrecorder.ro\/app\/wp-json\/wp\/v2\/media\/13686"}],"wp:attachment":[{"href":"https:\/\/www.newsrecorder.ro\/app\/wp-json\/wp\/v2\/media?parent=13685"}],"wp:term":[{"taxonomy":"category","embeddable":true,"href":"https:\/\/www.newsrecorder.ro\/app\/wp-json\/wp\/v2\/categories?post=13685"},{"taxonomy":"post_tag","embeddable":true,"href":"https:\/\/www.newsrecorder.ro\/app\/wp-json\/wp\/v2\/tags?post=13685"}],"curies":[{"name":"wp","href":"https:\/\/api.w.org\/{rel}","templated":true}]}}