{"id":13689,"date":"2026-04-13T15:16:01","date_gmt":"2026-04-13T15:16:01","guid":{"rendered":"https:\/\/www.newsrecorder.ro\/app\/2026\/04\/13\/presedintele-coreei-de-sud-provoaca-furia-israelului-cu-un-video-controversat\/"},"modified":"2026-04-13T15:16:01","modified_gmt":"2026-04-13T15:16:01","slug":"presedintele-coreei-de-sud-provoaca-furia-israelului-cu-un-video-controversat","status":"publish","type":"post","link":"https:\/\/www.newsrecorder.ro\/app\/2026\/04\/13\/presedintele-coreei-de-sud-provoaca-furia-israelului-cu-un-video-controversat\/","title":{"rendered":"Pre\u0219edintele Coreei de Sud provoac\u0103 furia Israelului cu un video controversat!"},"content":{"rendered":"<p>Pre\u0219edintele Coreei de Sud, <strong><a style=\"color: #0000ff\" href=\"https:\/\/www.mediafax.ro\/externe\/netanyahu-israel-va-continua-sa-lupte-impotriva-iranului-sub-conducerea-mea-premierul-evoca-realizari-istorice-si-ataca-inclusiv-turcia-23718871\">Lee Jae Myung<\/a><\/strong>, a st\u00e2rnit furia guvernului israelian dup\u0103 ce a distribuit pe re\u021belele sociale o \u00eenregistrare video din 2024, \u00een care solda\u021bi israelieni \u00eempingeau un cadavru de pe o cl\u0103dire \u00een Cisiordania ocupat\u0103.<\/p>\n<p>\u201eTrebuie s\u0103 verific\u0103m autenticitatea acestui incident \u0219i, dac\u0103 este adev\u0103rat, s\u0103 afl\u0103m ce m\u0103suri au fost luate\u201d, a afirmat Lee \u00een postarea sa pe platforma X, provoc\u00e2nd o rar\u0103 disput\u0103 public\u0103 \u00eentre cele dou\u0103 na\u021biuni care au men\u021binut rela\u021bii diplomatice timp de 60 de ani.<\/p>\n<p>\u00cen mesajul s\u0103u, Lee a subliniat c\u0103 nu exist\u0103 \u201enicio diferen\u021b\u0103\u201d \u00eentre crimele de r\u0103zboi, Holocaust \u0219i sclavia sexual\u0103 a femeilor sub ocupa\u021bia japonez\u0103, din perioada 1910-1945.<\/p>\n<p>Referin\u021ba la Holocaust a generat o reac\u021bie vehement\u0103 din partea Ministerului israelian de Externe, care a catalogat comentariile pre\u0219edintelui sud-coreean drept \u201einacceptabile\u201d. \u00centr-o postare pe X, ministerul a declarat: \u201eRemarcile pre\u0219edintelui Lee Jae Myung, inclusiv trivializarea masacrului evreilor \u00een ajunul Zilei de Comemorare a Holocaustului, sunt inacceptabile \u0219i necesit\u0103 o condamnare ferm\u0103\u201d.<\/p>\n<p>De asemenea, ministerul a subliniat c\u0103, \u201edintr-un motiv ciudat\u201d, Lee a ales s\u0103 \u201edezgroape o \u0219tire din 2024 \u0219i s\u0103 citeze o relatare fals\u0103 ca \u0219i cum ar fi un eveniment actual\u201d.<\/p>\n<p>Incidentul men\u021bionat a fost parte a unei opera\u021biuni \u00een care solda\u021bii israelieni se confruntau cu amenin\u021b\u0103ri directe \u0219i imediate la adresa vie\u021bii lor \u0219i a fost \u201einvestigat \u0219i abordat temeinic acum doi ani\u201d, se arat\u0103 \u00een comunicatul oficial, f\u0103r\u0103 a oferi detalii despre concluziile investiga\u021biei.<\/p>\n<p>\u201eDomnule pre\u0219edinte, este \u00eentotdeauna mai bine s\u0103 verifica\u021bi informa\u021biile \u00eenainte de a posta\u201d, a ad\u0103ugat ministerul.<\/p>\n<p>\u00cen realitate, Lee \u00ee\u0219i clarificase deja comentariile ini\u021biale printr-o alt\u0103 postare, subliniind c\u0103 incidentul se refer\u0103 la un eveniment real din septembrie 2024, care a fost condamnat de Statele Unite.<\/p>\n<p>\u201eDreptul interna\u021bional umanitar trebuie respectat \u00een orice circumstan\u021be, iar demnitatea uman\u0103 trebuie s\u0103 r\u0103m\u00e2n\u0103 o valoare prioritar\u0103\u201d, a mai ad\u0103ugat Lee.<\/p>\n<p>\u00cen 2024, CNN a raportat c\u0103 locuitorii din Qabatya, l\u00e2ng\u0103 Jenin, au filmat solda\u021bi israelieni <a href=\"https:\/\/www.cnn.com\/2024\/09\/20\/middleeast\/idf-investigating-soldiers-throwing-bodies-off-west-bank-roof-intl\">arunc\u00e2nd cadavrele aparent ne\u00eensufle\u021bite<\/a> de pe o cl\u0103dire pe 19 septembrie. \u00cen acea zi, For\u021bele de Ap\u0103rare ale Israelului (IDF) au anun\u021bat c\u0103 au eliminat patru militan\u021bi \u00eentr-o \u201eopera\u021biune antiterorist\u0103\u201d \u00een zon\u0103.<\/p>\n<p>Atunci, armata israelian\u0103 a declarat c\u0103 \u00eenregistrarea ar\u0103ta un \u201eincident grav care nu coincide cu valorile IDF \u0219i cu a\u0219tept\u0103rile solda\u021bilor\u201d. Incidentul este \u00een continuare \u00een curs de revizuire.<\/p>\n<p>Conform dreptului interna\u021bional, militarii sunt obliga\u021bi s\u0103 trateze cu respect cadavrele solda\u021bilor inamici \u0219i s\u0103 le restituie familiilor acestora. Un politician palestinian a numit tratamentul aplicat cadavrelor \u201ebarbar\u201d.<\/p>\n<p>\u00cen contextul rela\u021biilor interna\u021bionale, Israelul se confrunt\u0103 cu critici cresc\u00e2nde din partea comunit\u0103\u021bii interna\u021bionale din cauza r\u0103zboiului din Gaza \u0219i a bombardamentelor asupra Libanului, viz\u00e2nd Hezbollah. Na\u021biunile europene s-au exprimat \u00een mod deschis, \u00eens\u0103 este rar ca un lider est-asiatic s\u0103 fie at\u00e2t de vocal \u00een criticile sale, Coreea de Sud av\u00e2nd o istorie de rela\u021bii bune cu Israelul.<\/p>\n<p>\u00cen acest weekend, Lee a insistat asupra comentariului s\u0103u ini\u021bial, distribuind o \u0219tire despre reac\u021bia Ministerului de Externe israelian, f\u0103r\u0103 a aborda direct subiectul. \u201eEste dezam\u0103gitor c\u0103 nimeni nu reflect\u0103 la criticile aduse de cei care sufer\u0103 din cauza ac\u021biunilor \u00eempotriva drepturilor omului \u0219i a dreptului interna\u021bional\u201d, a declarat Lee. \u201eC\u00e2nd eu suf\u0103r, al\u021bii simt aceea\u0219i durere.\u201d<\/p>\n<p>\u00centr-o \u00eencercare de a calma tensiunile, Ministerul sud-coreean de Externe a intervenit, exprim\u00e2ndu-\u0219i regretul c\u0103 guvernul israelian \u201ea \u00een\u021beles gre\u0219it inten\u021bia\u201d remarkelor pre\u0219edintelui. Aceasta a ad\u0103ugat c\u0103 comentariile lui Lee erau \u201eo expresie a convingerilor sale despre drepturile universale ale omului, nu o opinie asupra unei probleme specifice\u201d. Ministerul a \u00eencheiat prin a reiterat \u201eprofundele condolean\u021be\u201d adresate victimelor Holocaustului.<\/p>\n<p>Cu toate acestea, duminic\u0103, Lee p\u0103rea s\u0103-\u0219i reafirme mesajul ini\u021bial \u00eentr-o alt\u0103 postare, subliniind c\u0103 \u201esuveranitatea fiec\u0103rei \u021b\u0103ri \u0219i drepturile universale ale omului trebuie respectate, iar r\u0103zboiul agresiv trebuie refuzat\u201d. \u201eRespectul trebuie c\u00e2\u0219tigat prin respect\u201d, a concluzionat el.<\/p>\n<p>P\u00e2n\u0103 \u00een prezent, Israelul nu a r\u0103spuns la ultima postare a pre\u0219edintelui sud-coreean.<\/p>\n","protected":false},"excerpt":{"rendered":"<p>Pre\u0219edintele Coreei de Sud, Lee Jae Myung, a st\u00e2rnit furia guvernului israelian dup\u0103 ce a distribuit pe re\u021belele sociale o \u00eenregistrare video din 2024, \u00een care solda\u021bi israelieni \u00eempingeau un cadavru de pe o cl\u0103dire \u00een Cisiordania ocupat\u0103. \u201eTrebuie s\u0103 verific\u0103m autenticitatea acestui incident \u0219i, dac\u0103 este adev\u0103rat, s\u0103 afl\u0103m ce m\u0103suri au fost luate\u201d, [&hellip;]<\/p>\n","protected":false},"author":2,"featured_media":13690,"comment_status":"open","ping_status":"open","sticky":false,"template":"","format":"standard","meta":{"jnews-multi-image_gallery":[],"jnews_single_post":[],"jnews_primary_category":[],"jnews_override_counter":[],"footnotes":""},"categories":[41],"tags":[11477,410,15985,2332,268,16385,14436,2063],"class_list":["post-13689","post","type-post","status-publish","format-standard","has-post-thumbnail","hentry","category-externe","tag-cisiordania","tag-coreea-de-sud","tag-crima-de-razboi","tag-holocaust","tag-israel","tag-lee-jae-myung","tag-ocupatie","tag-relatii-diplomatice"],"_links":{"self":[{"href":"https:\/\/www.newsrecorder.ro\/app\/wp-json\/wp\/v2\/posts\/13689","targetHints":{"allow":["GET"]}}],"collection":[{"href":"https:\/\/www.newsrecorder.ro\/app\/wp-json\/wp\/v2\/posts"}],"about":[{"href":"https:\/\/www.newsrecorder.ro\/app\/wp-json\/wp\/v2\/types\/post"}],"author":[{"embeddable":true,"href":"https:\/\/www.newsrecorder.ro\/app\/wp-json\/wp\/v2\/users\/2"}],"replies":[{"embeddable":true,"href":"https:\/\/www.newsrecorder.ro\/app\/wp-json\/wp\/v2\/comments?post=13689"}],"version-history":[{"count":0,"href":"https:\/\/www.newsrecorder.ro\/app\/wp-json\/wp\/v2\/posts\/13689\/revisions"}],"wp:featuredmedia":[{"embeddable":true,"href":"https:\/\/www.newsrecorder.ro\/app\/wp-json\/wp\/v2\/media\/13690"}],"wp:attachment":[{"href":"https:\/\/www.newsrecorder.ro\/app\/wp-json\/wp\/v2\/media?parent=13689"}],"wp:term":[{"taxonomy":"category","embeddable":true,"href":"https:\/\/www.newsrecorder.ro\/app\/wp-json\/wp\/v2\/categories?post=13689"},{"taxonomy":"post_tag","embeddable":true,"href":"https:\/\/www.newsrecorder.ro\/app\/wp-json\/wp\/v2\/tags?post=13689"}],"curies":[{"name":"wp","href":"https:\/\/api.w.org\/{rel}","templated":true}]}}