{"id":13697,"date":"2026-04-13T18:25:39","date_gmt":"2026-04-13T18:25:39","guid":{"rendered":"https:\/\/www.newsrecorder.ro\/app\/2026\/04\/13\/germania-taie-taxele-pe-carburanti-si-ofera-bonusuri-de-pana-la-1-000e\/"},"modified":"2026-04-13T18:25:39","modified_gmt":"2026-04-13T18:25:39","slug":"germania-taie-taxele-pe-carburanti-si-ofera-bonusuri-de-pana-la-1-000e","status":"publish","type":"post","link":"https:\/\/www.newsrecorder.ro\/app\/2026\/04\/13\/germania-taie-taxele-pe-carburanti-si-ofera-bonusuri-de-pana-la-1-000e\/","title":{"rendered":"Germania taie taxele pe carburan\u021bi \u0219i ofer\u0103 bonusuri de p\u00e2n\u0103 la 1.000\u20ac!"},"content":{"rendered":"<p>Cancelarul german Friedrich Merz a subliniat, \u00een cadrul unei conferin\u021be de pres\u0103 desf\u0103\u0219urat\u0103 la Berlin, c\u0103 efectele conflictului din Orientul Mijlociu vor continua s\u0103 se simt\u0103 pe termen lung, chiar \u0219i dup\u0103 \u00eencheierea ostilit\u0103\u021bilor. Merz a afirmat: \u201eVom sim\u021bi consecin\u021bele acestui r\u0103zboi pentru mult timp de acum \u00eenainte, chiar \u0219i dup\u0103 ce se va \u00eencheia.\u201d<\/p>\n<p>El a ad\u0103ugat c\u0103, de\u0219i resursele disponibile sunt limitate, guvernul german va face tot posibilul pentru a men\u021bine \u0219i \u00eembun\u0103t\u0103\u021bi competitivitatea economiei \u021b\u0103rii \u0219i pentru a sprijini gospod\u0103riile afectate. Printre m\u0103surile anun\u021bate se num\u0103r\u0103 o reducere temporar\u0103 a unei taxe pe carburan\u021bi, care va fi de 17 cen\u021bi pe litru, valabil\u0103 timp de dou\u0103 luni. De asemenea, companiile vor avea op\u021biunea de a oferi angaja\u021bilor un bonus neimpozabil de p\u00e2n\u0103 la 1.000 de euro.<\/p>\n<p>Markus S\u00f6der, liderul conservatorilor bavarezi, a eviden\u021biat c\u0103 presiunea economic\u0103 resim\u021bit\u0103 \u00een ultimele s\u0103pt\u0103m\u00e2ni a devenit insuportabil\u0103 at\u00e2t pentru popula\u021bie, c\u00e2t \u0219i pentru mediul de afaceri. \u201ePresiunea din ultimele s\u0103pt\u0103m\u00e2ni a fost insuportabil\u0103 pentru mul\u021bi oameni \u2014 insuportabil\u0103 pentru \u00eentreprinderile mici \u0219i mijlocii, dar \u0219i pentru cet\u0103\u021beni,\u201d a declarat S\u00f6der. El a subliniat c\u0103 infla\u021bia, resim\u021bit\u0103 inclusiv la pomp\u0103, a generat un sentiment de neputin\u021b\u0103 \u0219i furie, ad\u0103ug\u00e2nd: \u201eAc\u021bion\u0103m \u00eempotriva acestui lucru.\u201d<\/p>\n<p>Guvernul condus de Merz a avut ca obiectiv relansarea celei mai mari economii din Uniunea European\u0103 \u00een acest an, \u00eens\u0103 efectele r\u0103zboiului cu Iranul amenin\u021b\u0103 aceste planuri. Economia Germaniei s-a contractat \u00een 2023 \u0219i 2024, iar anul trecut, produsul intern brut a crescut cu doar 0,2% din cauza invaziei Rusiei \u00een Ucraina.<\/p>\n<p>B\u00e4rbel Bas, co-liderul Partidului Social-Democrat (SPD), a subliniat importan\u021ba cre\u0219terii rezilien\u021bei Germaniei \u00een fa\u021ba \u0219ocurilor externe. \u201eEste important, de asemenea, s\u0103 devenim mai pu\u021bin dependen\u021bi de al\u021bii,\u201d a declarat ea, ad\u0103ug\u00e2nd c\u0103 discu\u021biile recente au vizat necesitatea \u00eent\u0103ririi capacit\u0103\u021bii de reac\u021bie a \u021b\u0103rii la evenimentele externe asupra c\u0103ror influen\u021b\u0103 o are limitat\u0103.<\/p>\n<p>\u00cen acest context, coali\u021bia de guvernare a anun\u021bat c\u0103 va prezenta \u00een urm\u0103toarele s\u0103pt\u0103m\u00e2ni un pachet de m\u0103suri pe termen lung, destinat persoanelor cu venituri mici \u0219i medii. De asemenea, guvernul pl\u0103nuie\u0219te s\u0103 implementeze p\u00e2n\u0103 \u00een var\u0103 o reform\u0103 sistematic\u0103 a sistemului de asigur\u0103ri de s\u0103n\u0103tate, cu scopul de a reduce povara asupra angajatorilor germani, av\u00e2nd \u00een vedere \u00eemb\u0103tr\u00e2nirea rapid\u0103 a popula\u021biei.<\/p>\n<p>\u00cen paralel, executivul de la Berlin \u0219i-a reafirmat inten\u021bia de a sus\u021bine, la Bruxelles, o relaxare a \u021bintelor de emisii pentru produc\u0103torii auto. Coali\u021bia respinge at\u00e2t propunerea Comisiei Europene privind ma\u0219inile mici, c\u00e2t \u0219i ideea obligativit\u0103\u021bii compens\u0103rii emisiilor suplimentare. \u201eIndustria auto este legat\u0103 indisolubil nu doar de locuri de munc\u0103, ci \u0219i de for\u021ba economic\u0103 \u0219i identitatea Germaniei,\u201d a subliniat S\u00f6der. \u201eNu trebuie s\u0103 ced\u0103m pur \u0219i simplu acest activ economic important \u0219i aceast\u0103 pia\u021b\u0103 Chinei.\u201d<\/p>\n","protected":false},"excerpt":{"rendered":"<p>Cancelarul german Friedrich Merz a subliniat, \u00een cadrul unei conferin\u021be de pres\u0103 desf\u0103\u0219urat\u0103 la Berlin, c\u0103 efectele conflictului din Orientul Mijlociu vor continua s\u0103 se simt\u0103 pe termen lung, chiar \u0219i dup\u0103 \u00eencheierea ostilit\u0103\u021bilor. Merz a afirmat: \u201eVom sim\u021bi consecin\u021bele acestui r\u0103zboi pentru mult timp de acum \u00eenainte, chiar \u0219i dup\u0103 ce se va \u00eencheia.\u201d [&hellip;]<\/p>\n","protected":false},"author":4,"featured_media":13698,"comment_status":"open","ping_status":"open","sticky":false,"template":"","format":"standard","meta":{"jnews-multi-image_gallery":[],"jnews_single_post":[],"jnews_primary_category":[],"jnews_override_counter":[],"footnotes":""},"categories":[40],"tags":[16396,16394,6965,676,4851,10385,2211,16395],"class_list":["post-13697","post","type-post","status-publish","format-standard","has-post-thumbnail","hentry","category-econonie","tag-bonus-neimpozabil","tag-competivitate-economica","tag-fridrich-merz","tag-germania","tag-gospodarii-afectate","tag-masuri-guvernamentale","tag-orientul-mijlociu","tag-taxe-pe-carburanti"],"_links":{"self":[{"href":"https:\/\/www.newsrecorder.ro\/app\/wp-json\/wp\/v2\/posts\/13697","targetHints":{"allow":["GET"]}}],"collection":[{"href":"https:\/\/www.newsrecorder.ro\/app\/wp-json\/wp\/v2\/posts"}],"about":[{"href":"https:\/\/www.newsrecorder.ro\/app\/wp-json\/wp\/v2\/types\/post"}],"author":[{"embeddable":true,"href":"https:\/\/www.newsrecorder.ro\/app\/wp-json\/wp\/v2\/users\/4"}],"replies":[{"embeddable":true,"href":"https:\/\/www.newsrecorder.ro\/app\/wp-json\/wp\/v2\/comments?post=13697"}],"version-history":[{"count":0,"href":"https:\/\/www.newsrecorder.ro\/app\/wp-json\/wp\/v2\/posts\/13697\/revisions"}],"wp:featuredmedia":[{"embeddable":true,"href":"https:\/\/www.newsrecorder.ro\/app\/wp-json\/wp\/v2\/media\/13698"}],"wp:attachment":[{"href":"https:\/\/www.newsrecorder.ro\/app\/wp-json\/wp\/v2\/media?parent=13697"}],"wp:term":[{"taxonomy":"category","embeddable":true,"href":"https:\/\/www.newsrecorder.ro\/app\/wp-json\/wp\/v2\/categories?post=13697"},{"taxonomy":"post_tag","embeddable":true,"href":"https:\/\/www.newsrecorder.ro\/app\/wp-json\/wp\/v2\/tags?post=13697"}],"curies":[{"name":"wp","href":"https:\/\/api.w.org\/{rel}","templated":true}]}}