{"id":13703,"date":"2026-04-13T20:02:59","date_gmt":"2026-04-13T20:02:59","guid":{"rendered":"https:\/\/www.newsrecorder.ro\/app\/2026\/04\/13\/u-bt-cluj-napoca-isi-pierde-trei-jucatori-inainte-de-duelul-cu-steaua-rosie\/"},"modified":"2026-04-13T20:02:59","modified_gmt":"2026-04-13T20:02:59","slug":"u-bt-cluj-napoca-isi-pierde-trei-jucatori-inainte-de-duelul-cu-steaua-rosie","status":"publish","type":"post","link":"https:\/\/www.newsrecorder.ro\/app\/2026\/04\/13\/u-bt-cluj-napoca-isi-pierde-trei-jucatori-inainte-de-duelul-cu-steaua-rosie\/","title":{"rendered":"U-BT Cluj-Napoca \u00ee\u0219i pierde trei juc\u0103tori \u00eenainte de duelul cu Steaua Ro\u0219ie!"},"content":{"rendered":"<p>Mihai Silv\u0103\u0219an a confirmat c\u0103 Karel Guzman \u0219i Patrick Richard nu sunt \u00eenc\u0103 recupera\u021bi dup\u0103 accident\u0103rile recente, iar Darius Miron se afl\u0103 \u00een prezent cu lotul na\u021bional de juniori.<\/p>\n<p>\u201eLotul va r\u0103m\u00e2ne \u00een mare parte acela\u0219i ca la ultimul meci. Guzman \u0219i Richard nu sunt disponibili pentru a juca. A\u0219tept\u0103m ca, probabil, la urm\u0103torul meci, cel pu\u021bin unul dintre ei s\u0103 fie apt, \u00eens\u0103 pentru acest meci nu vor putea participa. De asemenea, lipse\u0219te \u0219i Miron, care este plecat cu lotul na\u021bional de juniori pentru preg\u0103tire\u201d, a declarat Silv\u0103\u0219an, conform site-ului oficial al echipei.<\/p>\n<p>Antrenorul a subliniat c\u0103 \u00eent\u00e2lnirea de luni va fi una dificil\u0103.<\/p>\n<p>\u201eUrmeaz\u0103 un meci \u00eempotriva unei echipe din Eurolig\u0103. De\u0219i, din punct de vedere al clasamentului, acest meci nu are multe implica\u021bii, pentru noi este important s\u0103 ne prezent\u0103m cu m\u00e2ndrie \u0219i s\u0103 juc\u0103m un baschet de calitate. Atunci c\u00e2nd juc\u0103m \u00eempotriva unei echipe de Eurolig\u0103, trebuie s\u0103 ne preg\u0103tim corespunz\u0103tor. Este esen\u021bial s\u0103 avem mentalitatea corect\u0103 \u0219i s\u0103 ne concentr\u0103m pe fiecare posesie\u201d, a explicat Silv\u0103\u0219an.<\/p>\n<p>Du\u0161an Mileti\u0107, juc\u0103tor la U-BT, a ad\u0103ugat: \u201eVom juca \u00eempotriva unei echipe din Eurolig\u0103, ceea ce \u00eenseamn\u0103 c\u0103 ne a\u0219tept\u0103m la un joc foarte fizic \u0219i intens. Ne vom str\u0103dui s\u0103 ne ridic\u0103m la nivelul intensit\u0103\u021bii \u0219i al stilului lor de joc fizic \u0219i s\u0103 fim constan\u021bi \u00een ceea ce \u0219tim s\u0103 facem bine. Cu siguran\u021b\u0103, va fi o provocare pentru noi, dar ne dorim aceast\u0103 provocare \u0219i suntem foarte entuziasma\u021bi s\u0103 juc\u0103m \u00eempotriva lor.\u201d<\/p>\n<p>U-BT Cluj-Napoca va avea un <a style=\"color: #0000ff\" href=\"https:\/\/www.mediafax.ro\/sport\/meci-de-gala-de-paste-pentru-u-bt-clujenii-intalnesc-luni-steaua-rosie-belgrad-in-liga-adriatica-23718345\" target=\"_blank\" rel=\"noopener\">meci de gal\u0103<\/a> programat \u00een a doua zi de Pa\u0219te, \u00eent\u00e2lnind echipa Steaua Ro\u0219ie Belgrad \u00een Liga Adriatic\u0103, \u00eentr-o partid\u0103 ce promite mult\u0103 intensitate \u0219i calitate sportiv\u0103.<\/p>\n","protected":false},"excerpt":{"rendered":"<p>Mihai Silv\u0103\u0219an a confirmat c\u0103 Karel Guzman \u0219i Patrick Richard nu sunt \u00eenc\u0103 recupera\u021bi dup\u0103 accident\u0103rile recente, iar Darius Miron se afl\u0103 \u00een prezent cu lotul na\u021bional de juniori. \u201eLotul va r\u0103m\u00e2ne \u00een mare parte acela\u0219i ca la ultimul meci. Guzman \u0219i Richard nu sunt disponibili pentru a juca. A\u0219tept\u0103m ca, probabil, la urm\u0103torul meci, [&hellip;]<\/p>\n","protected":false},"author":6,"featured_media":13704,"comment_status":"open","ping_status":"open","sticky":false,"template":"","format":"standard","meta":{"jnews-multi-image_gallery":[],"jnews_single_post":[],"jnews_primary_category":[],"jnews_override_counter":[],"footnotes":""},"categories":[46],"tags":[1378,722,1785,16222,16404,57,4413,16223],"class_list":["post-13703","post","type-post","status-publish","format-standard","has-post-thumbnail","hentry","category-sport","tag-accidentari","tag-baschet","tag-euroliga","tag-karel-guzman","tag-lot-national","tag-meci","tag-mihai-silvasan","tag-patrick-richard"],"_links":{"self":[{"href":"https:\/\/www.newsrecorder.ro\/app\/wp-json\/wp\/v2\/posts\/13703","targetHints":{"allow":["GET"]}}],"collection":[{"href":"https:\/\/www.newsrecorder.ro\/app\/wp-json\/wp\/v2\/posts"}],"about":[{"href":"https:\/\/www.newsrecorder.ro\/app\/wp-json\/wp\/v2\/types\/post"}],"author":[{"embeddable":true,"href":"https:\/\/www.newsrecorder.ro\/app\/wp-json\/wp\/v2\/users\/6"}],"replies":[{"embeddable":true,"href":"https:\/\/www.newsrecorder.ro\/app\/wp-json\/wp\/v2\/comments?post=13703"}],"version-history":[{"count":0,"href":"https:\/\/www.newsrecorder.ro\/app\/wp-json\/wp\/v2\/posts\/13703\/revisions"}],"wp:featuredmedia":[{"embeddable":true,"href":"https:\/\/www.newsrecorder.ro\/app\/wp-json\/wp\/v2\/media\/13704"}],"wp:attachment":[{"href":"https:\/\/www.newsrecorder.ro\/app\/wp-json\/wp\/v2\/media?parent=13703"}],"wp:term":[{"taxonomy":"category","embeddable":true,"href":"https:\/\/www.newsrecorder.ro\/app\/wp-json\/wp\/v2\/categories?post=13703"},{"taxonomy":"post_tag","embeddable":true,"href":"https:\/\/www.newsrecorder.ro\/app\/wp-json\/wp\/v2\/tags?post=13703"}],"curies":[{"name":"wp","href":"https:\/\/api.w.org\/{rel}","templated":true}]}}