{"id":13745,"date":"2026-04-16T06:30:36","date_gmt":"2026-04-16T06:30:36","guid":{"rendered":"https:\/\/www.newsrecorder.ro\/app\/2026\/04\/16\/tony-parkers-asvel-lyon-penalized-must-pay-e1-28m-for-low-player-salaries\/"},"modified":"2026-04-16T06:30:36","modified_gmt":"2026-04-16T06:30:36","slug":"tony-parkers-asvel-lyon-penalized-must-pay-e1-28m-for-low-player-salaries","status":"publish","type":"post","link":"https:\/\/www.newsrecorder.ro\/app\/2026\/04\/16\/tony-parkers-asvel-lyon-penalized-must-pay-e1-28m-for-low-player-salaries\/","title":{"rendered":"Tony Parker&#8217;s ASVEL Lyon penalized: Must pay \u20ac1.28M for low player salaries"},"content":{"rendered":"<p>Decizia recent\u0103 a ligii vine ca urmare a constat\u0103rii c\u0103 ASVEL nu a reu\u0219it s\u0103 respecte cerin\u021bele minime privind masa salarial\u0103, stabilit\u0103 la 5,8 milioane de euro pentru sezonul 2025-2026, conform unui comunicat oficial. Aceast\u0103 sum\u0103 reprezint\u0103 diferen\u021ba dintre bugetul efectiv al clubului \u0219i plafonul impus.<\/p>\n<p>Pe l\u00e2ng\u0103 obliga\u021bia de a corecta aceast\u0103 situa\u021bie financiar\u0103, clubul francez a fost sanc\u021bionat \u0219i cu o amend\u0103 de 25.000 de euro. De asemenea, ASVEL se confrunt\u0103 cu o interdic\u021bie temporar\u0103 de a \u00eenregistra noi juc\u0103tori \u0219i membri ai staff-ului \u00een competi\u021bii.<\/p>\n<p>Sanc\u021biunea va fi ridicat\u0103 doar dup\u0103 ce clubul va achita integral suma datorat\u0103 juc\u0103torilor.<\/p>\n<p class=\"font-modelica text-primary text-base font-bold hidden md:flex\">ASVEL Lyon-Villeurbanne se afl\u0103 \u00eentr-o situa\u021bie dificil\u0103, at\u00e2t din punct de vedere financiar, c\u00e2t \u0219i sportiv, ocup\u00e2nd ultimul loc \u00een clasamentul Euroligii.<\/p>\n<p>\u00cen acela\u0219i timp, viitorul echipei \u00een competi\u021bie este incert, av\u00e2nd \u00een vedere planurile de dezvoltare a proiectului NBA Europe, programat pentru 2027.<\/p>\n<p>\u00cen plus, Euroliga a aplicat sanc\u021biuni \u0219i altor cluburi care au dep\u0103\u0219it plafonul salarial de baz\u0103. Printre acestea se num\u0103r\u0103 Panathinaikos BC, cu o dep\u0103\u0219ire de 3.065.691 de euro, Anadolu Efes, cu 1.071.676 de euro, Hapoel Tel Aviv, cu 998.027 de euro, \u0219i Olympiacos BC, cu 303.290 de euro.<\/p>\n<p>Compensa\u021bia total\u0103 pentru dep\u0103\u0219irile de nivel, \u00een valoare de 5.438.684 de euro, va fi distribuit\u0103 echitabil celor 15 cluburi care respect\u0103 cerin\u021bele stabilite, rezult\u00e2nd o sum\u0103 de 362.579 de euro pentru fiecare dintre acestea.<\/p>\n","protected":false},"excerpt":{"rendered":"<p>Decizia recent\u0103 a ligii vine ca urmare a constat\u0103rii c\u0103 ASVEL nu a reu\u0219it s\u0103 respecte cerin\u021bele minime privind masa salarial\u0103, stabilit\u0103 la 5,8 milioane de euro pentru sezonul 2025-2026, conform unui comunicat oficial. Aceast\u0103 sum\u0103 reprezint\u0103 diferen\u021ba dintre bugetul efectiv al clubului \u0219i plafonul impus. Pe l\u00e2ng\u0103 obliga\u021bia de a corecta aceast\u0103 situa\u021bie financiar\u0103, [&hellip;]<\/p>\n","protected":false},"author":6,"featured_media":13746,"comment_status":"open","ping_status":"open","sticky":false,"template":"","format":"standard","meta":{"jnews-multi-image_gallery":[],"jnews_single_post":[],"jnews_primary_category":[],"jnews_override_counter":[],"footnotes":""},"categories":[46],"tags":[16423,1068,8567,1785,520,16424,5557,6399],"class_list":["post-13745","post","type-post","status-publish","format-standard","has-post-thumbnail","hentry","category-sport","tag-asvel","tag-buget","tag-club-sportiv","tag-euroliga","tag-liga","tag-nba-europe","tag-salarizare","tag-sanctiune"],"_links":{"self":[{"href":"https:\/\/www.newsrecorder.ro\/app\/wp-json\/wp\/v2\/posts\/13745","targetHints":{"allow":["GET"]}}],"collection":[{"href":"https:\/\/www.newsrecorder.ro\/app\/wp-json\/wp\/v2\/posts"}],"about":[{"href":"https:\/\/www.newsrecorder.ro\/app\/wp-json\/wp\/v2\/types\/post"}],"author":[{"embeddable":true,"href":"https:\/\/www.newsrecorder.ro\/app\/wp-json\/wp\/v2\/users\/6"}],"replies":[{"embeddable":true,"href":"https:\/\/www.newsrecorder.ro\/app\/wp-json\/wp\/v2\/comments?post=13745"}],"version-history":[{"count":0,"href":"https:\/\/www.newsrecorder.ro\/app\/wp-json\/wp\/v2\/posts\/13745\/revisions"}],"wp:featuredmedia":[{"embeddable":true,"href":"https:\/\/www.newsrecorder.ro\/app\/wp-json\/wp\/v2\/media\/13746"}],"wp:attachment":[{"href":"https:\/\/www.newsrecorder.ro\/app\/wp-json\/wp\/v2\/media?parent=13745"}],"wp:term":[{"taxonomy":"category","embeddable":true,"href":"https:\/\/www.newsrecorder.ro\/app\/wp-json\/wp\/v2\/categories?post=13745"},{"taxonomy":"post_tag","embeddable":true,"href":"https:\/\/www.newsrecorder.ro\/app\/wp-json\/wp\/v2\/tags?post=13745"}],"curies":[{"name":"wp","href":"https:\/\/api.w.org\/{rel}","templated":true}]}}