{"id":13749,"date":"2026-04-16T06:31:09","date_gmt":"2026-04-16T06:31:09","guid":{"rendered":"https:\/\/www.newsrecorder.ro\/app\/2026\/04\/16\/fotbalist-spaniol-suspendat-3-etape-pentru-esti-un-dezastru-adresat-arbitrului\/"},"modified":"2026-04-16T06:31:09","modified_gmt":"2026-04-16T06:31:09","slug":"fotbalist-spaniol-suspendat-3-etape-pentru-esti-un-dezastru-adresat-arbitrului","status":"publish","type":"post","link":"https:\/\/www.newsrecorder.ro\/app\/2026\/04\/16\/fotbalist-spaniol-suspendat-3-etape-pentru-esti-un-dezastru-adresat-arbitrului\/","title":{"rendered":"Fotbalist spaniol suspendat 3 etape pentru \u201ee\u0219ti un dezastru\u201d adresat arbitrului!"},"content":{"rendered":"<p>Comisia de Disciplin\u0103 a emis recent o decizie ca urmare a incidentelor petrecute \u00een meciul de luni, desf\u0103\u0219urat pe stadionul Ciutat de Val\u00e8ncia. \u00cen timpul partidei, juc\u0103torul Romero a primit al doilea cartona\u0219 galben, ceea ce a dus la eliminarea sa de pe teren. Totu\u0219i, situa\u021bia sa a fost agravat\u0103 din cauza comentariilor necorespunz\u0103toare pe care le-a adresat arbitrului Alejandro Quintero.<\/p>\n<p>Conform raportului oficial, Romero a declarat \u201eE\u0219ti un dezastru\u201d \u00een momentul \u00een care p\u0103r\u0103sea terenul, un gest considerat lipsit de respect fa\u021b\u0103 de oficiali. Aceast\u0103 reac\u021bie a contribuit la intensificarea sanc\u021biunii.<\/p>\n<p>Sanc\u021biunea impus\u0103 cuprinde o etap\u0103 automat\u0103 pentru eliminare, generat\u0103 de cumulul de cartona\u0219e galbene. \u00cen plus, alte dou\u0103 etape de suspendare au fost ad\u0103ugate, conform articolului 124 din regulamentul disciplinar, care sanc\u021bioneaz\u0103 comportamentele jignitoare fa\u021b\u0103 de arbitri.<\/p>\n<p>Astfel, Romero va fi absent aproximativ o lun\u0103, un interval \u00een care va rata partidele \u00eempotriva echipelor Real Sociedad, FC Barcelona \u0219i Rayo Vallecano.<\/p>\n<p>Absen\u021ba acestuia se dovede\u0219te a fi o pierdere semnificativ\u0103 pentru echipa antrenat\u0103 de Jos\u00e9 Bordal\u00e1s, mai ales \u00een contextul unui program dificil \u00een La Liga. Clubul madrilen are \u00eens\u0103 op\u021biunea de a contesta aceast\u0103 decizie la comisiile competente.<\/p>\n<p>\u00cen prezent, Getafe CF ocup\u0103 locul 8 \u00een clasamentul La Liga, av\u00e2nd 41 de puncte, \u0219i se afl\u0103 \u00een competi\u021bie pentru un loc \u00een cupele europene. Echipa este la doar trei puncte distan\u021b\u0103 de Celta Vigo, care se afl\u0103 pe locul 6, ultimul care asigur\u0103 participarea \u00een competi\u021biile europene, \u0219i unde joac\u0103 rom\u00e2nul Ionu\u021b Radu.<\/p>\n","protected":false},"excerpt":{"rendered":"<p>Comisia de Disciplin\u0103 a emis recent o decizie ca urmare a incidentelor petrecute \u00een meciul de luni, desf\u0103\u0219urat pe stadionul Ciutat de Val\u00e8ncia. \u00cen timpul partidei, juc\u0103torul Romero a primit al doilea cartona\u0219 galben, ceea ce a dus la eliminarea sa de pe teren. Totu\u0219i, situa\u021bia sa a fost agravat\u0103 din cauza comentariilor necorespunz\u0103toare pe [&hellip;]<\/p>\n","protected":false},"author":6,"featured_media":13750,"comment_status":"open","ping_status":"open","sticky":false,"template":"","format":"standard","meta":{"jnews-multi-image_gallery":[],"jnews_single_post":[],"jnews_primary_category":[],"jnews_override_counter":[],"footnotes":""},"categories":[46],"tags":[7262,8017,16427,59,2308,16426,6399,16428],"class_list":["post-13749","post","type-post","status-publish","format-standard","has-post-thumbnail","hentry","category-sport","tag-cartonas-galben","tag-comisia-de-disciplina","tag-comportament-jignitor","tag-eliminare","tag-regulament-disciplinar","tag-respect-fata-de-arbitri","tag-sanctiune","tag-stadion-ciutat-de-valencia"],"_links":{"self":[{"href":"https:\/\/www.newsrecorder.ro\/app\/wp-json\/wp\/v2\/posts\/13749","targetHints":{"allow":["GET"]}}],"collection":[{"href":"https:\/\/www.newsrecorder.ro\/app\/wp-json\/wp\/v2\/posts"}],"about":[{"href":"https:\/\/www.newsrecorder.ro\/app\/wp-json\/wp\/v2\/types\/post"}],"author":[{"embeddable":true,"href":"https:\/\/www.newsrecorder.ro\/app\/wp-json\/wp\/v2\/users\/6"}],"replies":[{"embeddable":true,"href":"https:\/\/www.newsrecorder.ro\/app\/wp-json\/wp\/v2\/comments?post=13749"}],"version-history":[{"count":0,"href":"https:\/\/www.newsrecorder.ro\/app\/wp-json\/wp\/v2\/posts\/13749\/revisions"}],"wp:featuredmedia":[{"embeddable":true,"href":"https:\/\/www.newsrecorder.ro\/app\/wp-json\/wp\/v2\/media\/13750"}],"wp:attachment":[{"href":"https:\/\/www.newsrecorder.ro\/app\/wp-json\/wp\/v2\/media?parent=13749"}],"wp:term":[{"taxonomy":"category","embeddable":true,"href":"https:\/\/www.newsrecorder.ro\/app\/wp-json\/wp\/v2\/categories?post=13749"},{"taxonomy":"post_tag","embeddable":true,"href":"https:\/\/www.newsrecorder.ro\/app\/wp-json\/wp\/v2\/tags?post=13749"}],"curies":[{"name":"wp","href":"https:\/\/api.w.org\/{rel}","templated":true}]}}