{"id":13769,"date":"2026-04-16T06:41:11","date_gmt":"2026-04-16T06:41:11","guid":{"rendered":"https:\/\/www.newsrecorder.ro\/app\/2026\/04\/16\/bucuresti-se-pregateste-pentru-o-vinere-mare-glaciara\/"},"modified":"2026-04-16T06:41:11","modified_gmt":"2026-04-16T06:41:11","slug":"bucuresti-se-pregateste-pentru-o-vinere-mare-glaciara","status":"publish","type":"post","link":"https:\/\/www.newsrecorder.ro\/app\/2026\/04\/16\/bucuresti-se-pregateste-pentru-o-vinere-mare-glaciara\/","title":{"rendered":"Bucure\u0219ti se preg\u0103te\u0219te pentru o Vinere Mare glaciar\u0103!"},"content":{"rendered":"<p class=\"text-text-100 mt-3 -mb-1 text-[1.125rem] font-bold\">Bucure\u0219tiul se confrunt\u0103 cu temperaturi mai sc\u0103zute dec\u00e2t normalul acestei perioade, conform anun\u021bului emis de Administra\u021bia Na\u021bional\u0103 de Meteorologie (ANM). Ast\u0103zi, temperaturile maxime se vor \u00eencadra \u00eentre 14 \u0219i 15 grade, iar m\u00e2ine se preconizeaz\u0103 o sc\u0103dere semnificativ\u0103, cu valori cuprinse \u00eentre 11 \u0219i 13 grade. De asemenea, exist\u0103 \u0219anse de ploi slabe \u00een dup\u0103-amiaza zilei de joi \u0219i posibil lapovi\u021b\u0103 pe timpul nop\u021bii. Capitala este sub o alert\u0103 pentru vreme deosebit de rece.<\/p>\n<p class=\"font-claude-response-body break-words whitespace-normal leading-[1.7]\">\u00cen ziua de miercuri, \u00eentre orele 10:00 \u0219i 09:00 joi, se vor \u00eenregistra \u00eennor\u0103ri temporare. \u00cen special \u00een a doua parte a zilei, sunt posibile ploi slabe. V\u00e2ntul va avea o intensitate slab\u0103 p\u00e2n\u0103 la moderat\u0103, iar temperatura maxim\u0103 va ajunge la 14-15 grade, \u00een timp ce minima va sc\u0103dea la aproximativ 3 grade.<\/p>\n<p class=\"font-claude-response-body break-words whitespace-normal leading-[1.7]\">\u00centre joi diminea\u021b\u0103 \u0219i vineri diminea\u021ba, se va accentua r\u0103cirea vremii. Cerul va fi predominant \u00eennorat, iar seara \u0219i noaptea sunt prognozate precipita\u021bii slabe, sub form\u0103 de ploaie \u0219i posibil lapovi\u021b\u0103. V\u00e2ntul va continua s\u0103 fie slab \u0219i moderat, iar temperaturile nu vor dep\u0103\u0219i 11-13 grade, cu minime de 2-4 grade.<\/p>\n<p class=\"font-claude-response-body break-words whitespace-normal leading-[1.7]\">Pentru perioada 8-10 aprilie, Bucure\u0219tiul se afl\u0103 sub o informare meteorologic\u0103 de vreme deosebit de rece, cu temperaturi ce se situeaz\u0103 sub valorile normale pentru aceast\u0103 perioad\u0103 a anului.<\/p>\n","protected":false},"excerpt":{"rendered":"<p>Bucure\u0219tiul se confrunt\u0103 cu temperaturi mai sc\u0103zute dec\u00e2t normalul acestei perioade, conform anun\u021bului emis de Administra\u021bia Na\u021bional\u0103 de Meteorologie (ANM). Ast\u0103zi, temperaturile maxime se vor \u00eencadra \u00eentre 14 \u0219i 15 grade, iar m\u00e2ine se preconizeaz\u0103 o sc\u0103dere semnificativ\u0103, cu valori cuprinse \u00eentre 11 \u0219i 13 grade. De asemenea, exist\u0103 \u0219anse de ploi slabe \u00een dup\u0103-amiaza [&hellip;]<\/p>\n","protected":false},"author":5,"featured_media":13770,"comment_status":"open","ping_status":"open","sticky":false,"template":"","format":"standard","meta":{"jnews-multi-image_gallery":[],"jnews_single_post":[],"jnews_primary_category":[],"jnews_override_counter":[],"footnotes":""},"categories":[45],"tags":[1816,7284,362,16434,15524,141,81,139],"class_list":["post-13769","post","type-post","status-publish","format-standard","has-post-thumbnail","hentry","category-meteo","tag-administratia-nationala-de-meteorologie","tag-alerta-meteorologica","tag-bucuresti","tag-innorari-temporare","tag-ploi-slabe","tag-prognoza-meteo","tag-temperaturi-scazute","tag-vreme-rece"],"_links":{"self":[{"href":"https:\/\/www.newsrecorder.ro\/app\/wp-json\/wp\/v2\/posts\/13769","targetHints":{"allow":["GET"]}}],"collection":[{"href":"https:\/\/www.newsrecorder.ro\/app\/wp-json\/wp\/v2\/posts"}],"about":[{"href":"https:\/\/www.newsrecorder.ro\/app\/wp-json\/wp\/v2\/types\/post"}],"author":[{"embeddable":true,"href":"https:\/\/www.newsrecorder.ro\/app\/wp-json\/wp\/v2\/users\/5"}],"replies":[{"embeddable":true,"href":"https:\/\/www.newsrecorder.ro\/app\/wp-json\/wp\/v2\/comments?post=13769"}],"version-history":[{"count":0,"href":"https:\/\/www.newsrecorder.ro\/app\/wp-json\/wp\/v2\/posts\/13769\/revisions"}],"wp:featuredmedia":[{"embeddable":true,"href":"https:\/\/www.newsrecorder.ro\/app\/wp-json\/wp\/v2\/media\/13770"}],"wp:attachment":[{"href":"https:\/\/www.newsrecorder.ro\/app\/wp-json\/wp\/v2\/media?parent=13769"}],"wp:term":[{"taxonomy":"category","embeddable":true,"href":"https:\/\/www.newsrecorder.ro\/app\/wp-json\/wp\/v2\/categories?post=13769"},{"taxonomy":"post_tag","embeddable":true,"href":"https:\/\/www.newsrecorder.ro\/app\/wp-json\/wp\/v2\/tags?post=13769"}],"curies":[{"name":"wp","href":"https:\/\/api.w.org\/{rel}","templated":true}]}}