{"id":1377,"date":"2026-02-03T01:14:15","date_gmt":"2026-02-03T01:14:15","guid":{"rendered":"https:\/\/www.newsrecorder.ro\/app\/2026\/02\/03\/deciziile-surprinzatoare-ale-psd-la-motiunea-aur-impotriva-educatiei\/"},"modified":"2026-02-03T01:14:15","modified_gmt":"2026-02-03T01:14:15","slug":"deciziile-surprinzatoare-ale-psd-la-motiunea-aur-impotriva-educatiei","status":"publish","type":"post","link":"https:\/\/www.newsrecorder.ro\/app\/2026\/02\/03\/deciziile-surprinzatoare-ale-psd-la-motiunea-aur-impotriva-educatiei\/","title":{"rendered":"Deciziile surprinz\u0103toare ale PSD la mo\u021biunea AUR \u00eempotriva Educa\u021biei!"},"content":{"rendered":"<p>Luni seara, Daniel B\u0103lu\u021b\u0103 a fost invitat la Digi 24, unde a fost \u00eentrebat despre pozi\u021bia parlamentarilor PSD \u00een leg\u0103tur\u0103 cu mo\u021biunea depus\u0103 de AUR \u00eempotriva ministrului Educa\u021biei. \u00cen prezent, func\u021bia de ministru al Educa\u021biei este ocupat\u0103 interimar de prim-ministrul Ilie Bolojan, ceea ce complic\u0103 situa\u021bia.<\/p>\n<p>\u201eNu v\u0103 pot r\u0103spunde la aceast\u0103 \u00eentrebare. Sau mai bine spus, nu pot oferi un r\u0103spuns \u00een acest moment\u201d, a declarat B\u0103lu\u021b\u0103, l\u0103s\u00e2nd loc de interpret\u0103ri.<\/p>\n<p>Atunci c\u00e2nd a fost \u00eentrebat dac\u0103 PSD ia \u00een considerare s\u0103 voteze \u00een favoarea mo\u021biunii, B\u0103lu\u021b\u0103 a reiterat c\u0103 nu poate oferi un r\u0103spuns concret.<\/p>\n<p>Moderatorul a subliniat c\u0103, conform protocolului coali\u021biei, PSD nu ar trebui s\u0103 se g\u00e2ndeasc\u0103 s\u0103 voteze \u00eempotriva unui ministru. La aceast\u0103 observa\u021bie, B\u0103lu\u021b\u0103 a r\u0103spuns: \u201eE adev\u0103rat, \u00eens\u0103 \u00een protocol nu este stipulat nici c\u0103 trebuie s\u0103 semnezi Mercosur f\u0103r\u0103 a-\u021bi consulta partenerii de guvernare, nici c\u0103 po\u021bi s\u0103 faci ce vrei sau s\u0103 urm\u0103re\u0219ti cet\u0103\u021benii cu drone, sau s\u0103 impui impozite pe solarii. \u00centr-un final, ai putea ajunge s\u0103 semeni cu un personaj din Morome\u021bii.\u201d<\/p>\n","protected":false},"excerpt":{"rendered":"<p>Luni seara, Daniel B\u0103lu\u021b\u0103 a fost invitat la Digi 24, unde a fost \u00eentrebat despre pozi\u021bia parlamentarilor PSD \u00een leg\u0103tur\u0103 cu mo\u021biunea depus\u0103 de AUR \u00eempotriva ministrului Educa\u021biei. \u00cen prezent, func\u021bia de ministru al Educa\u021biei este ocupat\u0103 interimar de prim-ministrul Ilie Bolojan, ceea ce complic\u0103 situa\u021bia. \u201eNu v\u0103 pot r\u0103spunde la aceast\u0103 \u00eentrebare. Sau mai [&hellip;]<\/p>\n","protected":false},"author":2,"featured_media":1378,"comment_status":"open","ping_status":"open","sticky":false,"template":"","format":"standard","meta":{"jnews-multi-image_gallery":[],"jnews_single_post":[],"jnews_primary_category":[],"jnews_override_counter":[],"footnotes":""},"categories":[42],"tags":[636,624,635,302,296,1688,2401,300],"class_list":["post-1377","post","type-post","status-publish","format-standard","has-post-thumbnail","hentry","category-politica","tag-coalitie","tag-daniel-baluta","tag-digi-24","tag-ilie-bolojan","tag-mercosur","tag-ministru-educatiei","tag-motiune","tag-psd"],"_links":{"self":[{"href":"https:\/\/www.newsrecorder.ro\/app\/wp-json\/wp\/v2\/posts\/1377","targetHints":{"allow":["GET"]}}],"collection":[{"href":"https:\/\/www.newsrecorder.ro\/app\/wp-json\/wp\/v2\/posts"}],"about":[{"href":"https:\/\/www.newsrecorder.ro\/app\/wp-json\/wp\/v2\/types\/post"}],"author":[{"embeddable":true,"href":"https:\/\/www.newsrecorder.ro\/app\/wp-json\/wp\/v2\/users\/2"}],"replies":[{"embeddable":true,"href":"https:\/\/www.newsrecorder.ro\/app\/wp-json\/wp\/v2\/comments?post=1377"}],"version-history":[{"count":0,"href":"https:\/\/www.newsrecorder.ro\/app\/wp-json\/wp\/v2\/posts\/1377\/revisions"}],"wp:featuredmedia":[{"embeddable":true,"href":"https:\/\/www.newsrecorder.ro\/app\/wp-json\/wp\/v2\/media\/1378"}],"wp:attachment":[{"href":"https:\/\/www.newsrecorder.ro\/app\/wp-json\/wp\/v2\/media?parent=1377"}],"wp:term":[{"taxonomy":"category","embeddable":true,"href":"https:\/\/www.newsrecorder.ro\/app\/wp-json\/wp\/v2\/categories?post=1377"},{"taxonomy":"post_tag","embeddable":true,"href":"https:\/\/www.newsrecorder.ro\/app\/wp-json\/wp\/v2\/tags?post=1377"}],"curies":[{"name":"wp","href":"https:\/\/api.w.org\/{rel}","templated":true}]}}