{"id":13821,"date":"2026-04-16T07:41:07","date_gmt":"2026-04-16T07:41:07","guid":{"rendered":"https:\/\/www.newsrecorder.ro\/app\/2026\/04\/16\/ilie-bolojan-si-peter-magyar-detalii-exclusive-despre-conversatia-lor\/"},"modified":"2026-04-16T07:41:07","modified_gmt":"2026-04-16T07:41:07","slug":"ilie-bolojan-si-peter-magyar-detalii-exclusive-despre-conversatia-lor","status":"publish","type":"post","link":"https:\/\/www.newsrecorder.ro\/app\/2026\/04\/16\/ilie-bolojan-si-peter-magyar-detalii-exclusive-despre-conversatia-lor\/","title":{"rendered":"Ilie Bolojan \u0219i P\u00e9ter Magyar: Detalii exclusive despre conversa\u021bia lor!"},"content":{"rendered":"<p>Reprezentan\u021bii Palatului Victoria au anun\u021bat ast\u0103zi c\u0103 premierul Ilie Bolojan a purtat o convorbire telefonic\u0103 cu P\u00e9ter Magyar, noul prim-ministru ales al Ungariei, \u00een cadrul c\u0103reia l-a felicitat pentru succesul ob\u021binut \u00een alegeri, at\u00e2t \u00een nume personal, c\u00e2t \u0219i \u00een numele Guvernului Rom\u00e2niei.<\/p>\n<p>Discu\u021bia dintre cei doi lideri a atins subiecte esen\u021biale privind \u201estadiul \u0219i perspectivele de consolidare a rela\u021biilor dintre Rom\u00e2nia \u0219i Ungaria\u201d. De asemenea, a fost subliniat interesul comun pentru dezvoltarea cooper\u0103rii economice \u0219i pentru avansarea proiectelor de interconectare \u00een domeniul energiei, aspecte vitale pentru ambele \u021b\u0103ri.<\/p>\n<p>Un alt punct important al convorbirii a fost abordarea problemelor legate de minorit\u0103\u021bi, ocazie cu care P\u00e9ter Magyar a fost invitat s\u0103 efectueze o vizit\u0103 oficial\u0103 la Bucure\u0219ti.<\/p>\n<p>Premierul Ilie Bolojan a subliniat importan\u021ba comunit\u0103\u021bii maghiare din Rom\u00e2nia \u00een \u00eent\u0103rirea rela\u021biilor bilaterale. La finalul discu\u021biei, el i-a urat succes lui Magyar \u00een exercitarea mandatului s\u0103u \u0219i a reiterat invita\u021bia de a vizita capitala Rom\u00e2niei.<\/p>\n","protected":false},"excerpt":{"rendered":"<p>Reprezentan\u021bii Palatului Victoria au anun\u021bat ast\u0103zi c\u0103 premierul Ilie Bolojan a purtat o convorbire telefonic\u0103 cu P\u00e9ter Magyar, noul prim-ministru ales al Ungariei, \u00een cadrul c\u0103reia l-a felicitat pentru succesul ob\u021binut \u00een alegeri, at\u00e2t \u00een nume personal, c\u00e2t \u0219i \u00een numele Guvernului Rom\u00e2niei. Discu\u021bia dintre cei doi lideri a atins subiecte esen\u021biale privind \u201estadiul \u0219i [&hellip;]<\/p>\n","protected":false},"author":2,"featured_media":13822,"comment_status":"open","ping_status":"open","sticky":false,"template":"","format":"standard","meta":{"jnews-multi-image_gallery":[],"jnews_single_post":[],"jnews_primary_category":[],"jnews_override_counter":[],"footnotes":""},"categories":[42],"tags":[1322,302,16479,4748,1046,1324,149,1924],"class_list":["post-13821","post","type-post","status-publish","format-standard","has-post-thumbnail","hentry","category-politica","tag-cooperare-economica","tag-ilie-bolojan","tag-minoritati","tag-peter-magyar","tag-premier","tag-relatii-bilaterale","tag-romania","tag-ungaria"],"_links":{"self":[{"href":"https:\/\/www.newsrecorder.ro\/app\/wp-json\/wp\/v2\/posts\/13821","targetHints":{"allow":["GET"]}}],"collection":[{"href":"https:\/\/www.newsrecorder.ro\/app\/wp-json\/wp\/v2\/posts"}],"about":[{"href":"https:\/\/www.newsrecorder.ro\/app\/wp-json\/wp\/v2\/types\/post"}],"author":[{"embeddable":true,"href":"https:\/\/www.newsrecorder.ro\/app\/wp-json\/wp\/v2\/users\/2"}],"replies":[{"embeddable":true,"href":"https:\/\/www.newsrecorder.ro\/app\/wp-json\/wp\/v2\/comments?post=13821"}],"version-history":[{"count":0,"href":"https:\/\/www.newsrecorder.ro\/app\/wp-json\/wp\/v2\/posts\/13821\/revisions"}],"wp:featuredmedia":[{"embeddable":true,"href":"https:\/\/www.newsrecorder.ro\/app\/wp-json\/wp\/v2\/media\/13822"}],"wp:attachment":[{"href":"https:\/\/www.newsrecorder.ro\/app\/wp-json\/wp\/v2\/media?parent=13821"}],"wp:term":[{"taxonomy":"category","embeddable":true,"href":"https:\/\/www.newsrecorder.ro\/app\/wp-json\/wp\/v2\/categories?post=13821"},{"taxonomy":"post_tag","embeddable":true,"href":"https:\/\/www.newsrecorder.ro\/app\/wp-json\/wp\/v2\/tags?post=13821"}],"curies":[{"name":"wp","href":"https:\/\/api.w.org\/{rel}","templated":true}]}}