{"id":13825,"date":"2026-04-16T07:41:56","date_gmt":"2026-04-16T07:41:56","guid":{"rendered":"https:\/\/www.newsrecorder.ro\/app\/2026\/04\/16\/dan-dungaciu-ue-nu-mai-crede-in-peter-magyar-se-pregateste-de-federalizare\/"},"modified":"2026-04-16T07:41:56","modified_gmt":"2026-04-16T07:41:56","slug":"dan-dungaciu-ue-nu-mai-crede-in-peter-magyar-se-pregateste-de-federalizare","status":"publish","type":"post","link":"https:\/\/www.newsrecorder.ro\/app\/2026\/04\/16\/dan-dungaciu-ue-nu-mai-crede-in-peter-magyar-se-pregateste-de-federalizare\/","title":{"rendered":"Dan Dungaciu: \u201eUE nu mai crede \u00een Peter Magyar! Se preg\u0103te\u0219te de federalizare!\u201d"},"content":{"rendered":"<p>Recent, Ursula von der Leyen, pre\u0219edinta Comisiei Europene, a f\u0103cut o declara\u021bie surprinz\u0103toare dup\u0103 alegerile din Ungaria, suger\u00e2nd c\u0103 statele membre ar trebui s\u0103 renun\u021be la dreptul de veto \u00een domeniul politicii externe \u0219i de securitate. Aceast\u0103 afirma\u021bie a venit dup\u0103 ce Bruxelles-ul a s\u0103rb\u0103torit victoria partidului Tisza, consider\u00e2nd-o un succes al Europei.<\/p>\n<p>\u00centrebarea care se ridic\u0103 este: de ce se teme von der Leyen? Dac\u0103 victoria lui P\u00e9ter Magyar a fost un triumf pentru Europa, a\u0219a cum sus\u021bin unele voci, atunci de ce aceast\u0103 propunere radical\u0103? Von der Leyen \u0219tie c\u0103 nara\u021biunea conform c\u0103reia alegerile din Ungaria au fost c\u00e2\u0219tigate de Europa este fals\u0103 \u0219i c\u0103 ea \u00eens\u0103\u0219i a contribuit la crearea acestei percep\u021bii eronate. Nu a fost niciun steag european fluturat \u00een timpul campaniei lui Magyar, iar partidul Tisza nu s-a prezentat ca fiind pro-Bruxelles, pentru a nu alunga aleg\u0103torii.<\/p>\n<p>De asemenea, von der Leyen este con\u0219tient\u0103 c\u0103 niciun politician european nu a venit s\u0103-l sprijine pe Magyar \u00een campania electoral\u0103, \u0219tiind c\u0103 o astfel de mi\u0219care ar fi dus la pierderea voturilor. Concluzia este clar\u0103: votul din Ungaria nu a fost c\u00e2\u0219tigat de \u201eEuropa\u201d, ci de un na\u021bionalist eficient, \u00een contrast cu un na\u021bionalist mai pu\u021bin eficient, cum este Viktor Orb\u00e1n.<\/p>\n<p>Acum, se ridic\u0103 \u00eentrebarea despre cum va reac\u021biona Magyar. Pactul dintre Bruxelles \u0219i Magyar va fi testat \u00een perioada urm\u0103toare. Va ceda el presiunilor interne \u0219i externe? Aceasta este o chestiune care \u00eei prive\u0219te pe unguri, dar este important de men\u021bionat c\u0103 orice cedare a suveranit\u0103\u021bii ar putea fi considerat\u0103 o sinucidere politic\u0103, av\u00e2nd \u00een vedere ideea de Europa care a fost odat\u0103 \u00eembr\u0103\u021bi\u0219at\u0103 de mul\u021bi. Aceast\u0103 idee se bazeaz\u0103 pe libertate, prosperitate \u0219i lupta pentru exprimarea liber\u0103 a con\u0219tiin\u021bei.<\/p>\n<p>Cedarea suveranit\u0103\u021bii ar putea \u00eensemna, de asemenea, asumarea federaliz\u0103rii, un concept care nu a fost sus\u021binut niciodat\u0103 \u00een mod deschis de Bruxelles \u00een campania electoral\u0103 din Ungaria. Acest lucru ar putea s\u0103 nu fie acceptat de Alian\u021ba pentru Unirea Rom\u00e2nilor (AUR), indiferent de alegerile f\u0103cute la Budapesta.<\/p>\n<p>Propunerea de a renun\u021ba la dreptul de veto \u0219i de a accepta federalizarea \u00eentr-o Europ\u0103 care este deja influen\u021bat\u0103 de idei totalitare \u0219i antidemocratice ar putea duce la un dezastru moral \u0219i na\u021bional. Acesta este principalul motiv pentru care federalizarea, \u00een actualul context, este o idee periculoas\u0103.<\/p>\n<p>Se va invoca, probabil, securitatea ca argument pentru federalizare, men\u021bion\u00e2nd nevoia de a ne proteja \u00eempotriva adversarilor precum Donald Trump sau Vladimir Putin. Totu\u0219i, acest ra\u021bionament este eronat. NATO este cea mai puternic\u0103 structur\u0103 de ap\u0103rare colectiv\u0103 \u0219i nu necesit\u0103 o supra-entitate politic\u0103 pentru a func\u021biona eficient. NATO a demonstrat for\u021ba sa \u00een fa\u021ba provoc\u0103rilor interna\u021bionale \u0219i continu\u0103 s\u0103 fie cel mai bun instrument de ap\u0103rare pentru europeni.<\/p>\n<p>Un NATO european este o idee mai viabil\u0103, dar nu o armat\u0103 european\u0103 suprana\u021bional\u0103. O astfel de construc\u021bie nu ar avea nicio valoare, deoarece nu exist\u0103 determinarea moral\u0103 necesar\u0103 pentru a ap\u0103ra o entitate impus\u0103 de sus. Cet\u0103\u021benii europeni nu consider\u0103 Bruxelles-ul ca fiind esen\u021bial pentru sacrificiile lor.<\/p>\n<p>Astfel, federalizarea nu este o solu\u021bie pentru \u00eent\u0103rirea ap\u0103r\u0103rii, ci, dimpotriv\u0103, ar putea sl\u0103bi-o, deoarece nu se bazeaz\u0103 pe voin\u021ba cet\u0103\u021benilor. O construc\u021bie impus\u0103 f\u0103r\u0103 consultarea \u0219i implicarea oamenilor ar putea duce la un nou tip de totalitarism, ceea ce ar reprezenta o veche obsesie a du\u0219manilor Europei.<\/p>\n<p>Cet\u0103\u021benii nu trebuie trata\u021bi ca o turm\u0103 f\u0103r\u0103 voin\u021b\u0103. Presiunea asupra lor va genera reac\u021bii de opozi\u021bie, iar statele vor continua s\u0103-\u0219i apere suveranitatea, inclusiv prin dreptul de veto. Este incert unde ar putea duce o astfel de confruntare.<\/p>\n<p>\u00cen aceast\u0103 b\u0103t\u0103lie, AUR se va alinia de partea libert\u0103\u021bii de voin\u021b\u0103, con\u0219tiin\u021b\u0103 \u0219i ac\u021biune politic\u0103. Cet\u0103\u021benii se pot baza pe noi, iar noi ne baz\u0103m pe voi, cu o determinare de 100%.\u201d a declarat Dan Dungaciu, prim-vicepre\u0219edinte AUR.<\/p>\n","protected":false},"excerpt":{"rendered":"<p>Recent, Ursula von der Leyen, pre\u0219edinta Comisiei Europene, a f\u0103cut o declara\u021bie surprinz\u0103toare dup\u0103 alegerile din Ungaria, suger\u00e2nd c\u0103 statele membre ar trebui s\u0103 renun\u021be la dreptul de veto \u00een domeniul politicii externe \u0219i de securitate. Aceast\u0103 afirma\u021bie a venit dup\u0103 ce Bruxelles-ul a s\u0103rb\u0103torit victoria partidului Tisza, consider\u00e2nd-o un succes al Europei. \u00centrebarea care [&hellip;]<\/p>\n","protected":false},"author":2,"featured_media":13826,"comment_status":"open","ping_status":"open","sticky":false,"template":"","format":"standard","meta":{"jnews-multi-image_gallery":[],"jnews_single_post":[],"jnews_primary_category":[],"jnews_override_counter":[],"footnotes":""},"categories":[42],"tags":[5435,2587,499,16483,5193,380,874,4620],"class_list":["post-13825","post","type-post","status-publish","format-standard","has-post-thumbnail","hentry","category-politica","tag-alegeri-ungaria","tag-bruxelles","tag-comisia-europeana","tag-drept-de-veto","tag-partidul-tisza","tag-politica-externa","tag-securitate","tag-ursula-von-der-leyen"],"_links":{"self":[{"href":"https:\/\/www.newsrecorder.ro\/app\/wp-json\/wp\/v2\/posts\/13825","targetHints":{"allow":["GET"]}}],"collection":[{"href":"https:\/\/www.newsrecorder.ro\/app\/wp-json\/wp\/v2\/posts"}],"about":[{"href":"https:\/\/www.newsrecorder.ro\/app\/wp-json\/wp\/v2\/types\/post"}],"author":[{"embeddable":true,"href":"https:\/\/www.newsrecorder.ro\/app\/wp-json\/wp\/v2\/users\/2"}],"replies":[{"embeddable":true,"href":"https:\/\/www.newsrecorder.ro\/app\/wp-json\/wp\/v2\/comments?post=13825"}],"version-history":[{"count":0,"href":"https:\/\/www.newsrecorder.ro\/app\/wp-json\/wp\/v2\/posts\/13825\/revisions"}],"wp:featuredmedia":[{"embeddable":true,"href":"https:\/\/www.newsrecorder.ro\/app\/wp-json\/wp\/v2\/media\/13826"}],"wp:attachment":[{"href":"https:\/\/www.newsrecorder.ro\/app\/wp-json\/wp\/v2\/media?parent=13825"}],"wp:term":[{"taxonomy":"category","embeddable":true,"href":"https:\/\/www.newsrecorder.ro\/app\/wp-json\/wp\/v2\/categories?post=13825"},{"taxonomy":"post_tag","embeddable":true,"href":"https:\/\/www.newsrecorder.ro\/app\/wp-json\/wp\/v2\/tags?post=13825"}],"curies":[{"name":"wp","href":"https:\/\/api.w.org\/{rel}","templated":true}]}}