{"id":1383,"date":"2026-02-03T01:14:58","date_gmt":"2026-02-03T01:14:58","guid":{"rendered":"https:\/\/www.newsrecorder.ro\/app\/2026\/02\/03\/ministerul-economiei-simplifica-semnatura-electronica-ce-schimbari-vin\/"},"modified":"2026-02-03T01:14:58","modified_gmt":"2026-02-03T01:14:58","slug":"ministerul-economiei-simplifica-semnatura-electronica-ce-schimbari-vin","status":"publish","type":"post","link":"https:\/\/www.newsrecorder.ro\/app\/2026\/02\/03\/ministerul-economiei-simplifica-semnatura-electronica-ce-schimbari-vin\/","title":{"rendered":"Ministerul Economiei Simplific\u0103 Semn\u0103tura Electronic\u0103: Ce Schimb\u0103ri Vin?"},"content":{"rendered":"<p>Ministerul Economiei \u00ee\u0219i propune ca prioritate principal\u0103 asigurarea predictibilit\u0103\u021bii \u00een pia\u021b\u0103 \u0219i actualizarea cadrului legal \u00een conformitate cu reglement\u0103rile europene. \u00cen perioada urm\u0103toare, legisla\u021bia na\u021bional\u0103 va fi aliniat\u0103 la regulamentul eIDAS2, o decizie ce a fost luat\u0103 dup\u0103 consult\u0103ri ample cu sectorul privat \u0219i cu Vicepremierul Oana Gheorghiu.<\/p>\n<p>Ministrul Economiei, Irineu Dar\u0103u, a declarat: \u201ePrin acest ordin, punem cap\u0103t unei perioade de a\u0219teptare mult prea lungi \u0219i debloc\u0103m, \u00een sf\u00e2r\u0219it, poten\u021bialul digital al Rom\u00e2niei. Liberalizarea semn\u0103turii electronice reprezint\u0103 o reform\u0103 pe care ne-am asumat-o ca prioritate. Acest ordin permite cu adev\u0103rat liberalizarea semn\u0103turii electronice at\u00e2t pentru furnizori, c\u00e2t \u0219i pentru cet\u0103\u021beni. Cel mai important beneficiu este c\u0103 rom\u00e2nii vor putea semna o varietate mai mare de documente utiliz\u00e2nd semn\u0103tura avansat\u0103. Urm\u0103torii pa\u0219i sunt deja stabili\u021bi: vom modifica legea pentru a ne alinia la eIDAS 2.0 \u0219i vom ajusta normele subsecvente, asigur\u00e2ndu-ne c\u0103 regulile sunt simple, clare \u0219i u\u0219or de aplicat. Numai astfel putem oferi oamenilor libertatea de a interac\u021biona digital cu statul \u0219i mediul privat.\u201d<\/p>\n<p>Noul ordin de ministru activeaz\u0103 Legea nr. 214\/2024 \u0219i aprob\u0103 procedurile de autorizare pentru prestatorii de servicii de \u00eencredere. Acest document stabile\u0219te reguli clare pentru to\u021bi operatorii economici \u0219i simplific\u0103 procesul de \u00eenregistrare \u00een Registrul prestatorilor de profil, elimin\u00e2nd barierele tehnice \u0219i stimul\u00e2nd competi\u021bia.<\/p>\n<p>\u00cen ceea ce \u00eei prive\u0219te pe cet\u0103\u021beni, noile reglement\u0103ri asigur\u0103 o interac\u021biune mai simpl\u0103 cu statul prin recunoa\u0219terea extins\u0103 a semn\u0103turilor electronice. Actul normativ integreaz\u0103 solu\u021bii pentru identificarea la distan\u021b\u0103, care permit ob\u021binerea semn\u0103turilor f\u0103r\u0103 necesitatea prezen\u021bei fizice. Acest proces este reglementat de standarde tehnice menite s\u0103 previn\u0103 frauda \u0219i s\u0103 protejeze datele personale.<\/p>\n<p>Reforma transform\u0103 semn\u0103tura electronic\u0103 \u00eentr-un instrument cotidian, contribuind astfel la cre\u0219terea competitivit\u0103\u021bii economiei pe pia\u021ba unic\u0103 digital\u0103. Activitatea de supraveghere \u0219i control va fi organizat\u0103 prin proceduri automatizate \u0219i securizate.<\/p>\n<p>Ordinul a fost publicat luni \u00een Monitorul Oficial \u0219i va intra \u00een vigoare \u00een termen de 60 de zile.<\/p>\n","protected":false},"excerpt":{"rendered":"<p>Ministerul Economiei \u00ee\u0219i propune ca prioritate principal\u0103 asigurarea predictibilit\u0103\u021bii \u00een pia\u021b\u0103 \u0219i actualizarea cadrului legal \u00een conformitate cu reglement\u0103rile europene. \u00cen perioada urm\u0103toare, legisla\u021bia na\u021bional\u0103 va fi aliniat\u0103 la regulamentul eIDAS2, o decizie ce a fost luat\u0103 dup\u0103 consult\u0103ri ample cu sectorul privat \u0219i cu Vicepremierul Oana Gheorghiu. Ministrul Economiei, Irineu Dar\u0103u, a declarat: \u201ePrin [&hellip;]<\/p>\n","protected":false},"author":2,"featured_media":1384,"comment_status":"open","ping_status":"open","sticky":false,"template":"","format":"standard","meta":{"jnews-multi-image_gallery":[],"jnews_single_post":[],"jnews_primary_category":[],"jnews_override_counter":[],"footnotes":""},"categories":[42],"tags":[2408,2410,2041,2098,2407,2039,665,2409],"class_list":["post-1383","post","type-post","status-publish","format-standard","has-post-thumbnail","hentry","category-politica","tag-eidas2","tag-legislatie-nationala","tag-oana-gheorghiu","tag-piata","tag-predictibilitate","tag-reforma","tag-sector-privat","tag-semnatura-electronica"],"_links":{"self":[{"href":"https:\/\/www.newsrecorder.ro\/app\/wp-json\/wp\/v2\/posts\/1383","targetHints":{"allow":["GET"]}}],"collection":[{"href":"https:\/\/www.newsrecorder.ro\/app\/wp-json\/wp\/v2\/posts"}],"about":[{"href":"https:\/\/www.newsrecorder.ro\/app\/wp-json\/wp\/v2\/types\/post"}],"author":[{"embeddable":true,"href":"https:\/\/www.newsrecorder.ro\/app\/wp-json\/wp\/v2\/users\/2"}],"replies":[{"embeddable":true,"href":"https:\/\/www.newsrecorder.ro\/app\/wp-json\/wp\/v2\/comments?post=1383"}],"version-history":[{"count":0,"href":"https:\/\/www.newsrecorder.ro\/app\/wp-json\/wp\/v2\/posts\/1383\/revisions"}],"wp:featuredmedia":[{"embeddable":true,"href":"https:\/\/www.newsrecorder.ro\/app\/wp-json\/wp\/v2\/media\/1384"}],"wp:attachment":[{"href":"https:\/\/www.newsrecorder.ro\/app\/wp-json\/wp\/v2\/media?parent=1383"}],"wp:term":[{"taxonomy":"category","embeddable":true,"href":"https:\/\/www.newsrecorder.ro\/app\/wp-json\/wp\/v2\/categories?post=1383"},{"taxonomy":"post_tag","embeddable":true,"href":"https:\/\/www.newsrecorder.ro\/app\/wp-json\/wp\/v2\/tags?post=1383"}],"curies":[{"name":"wp","href":"https:\/\/api.w.org\/{rel}","templated":true}]}}