{"id":13859,"date":"2026-04-16T08:13:56","date_gmt":"2026-04-16T08:13:56","guid":{"rendered":"https:\/\/www.newsrecorder.ro\/app\/2026\/04\/16\/bruxelles-raspunde-ce-se-intampla-cu-banii-suspendati-din-pnrr\/"},"modified":"2026-04-16T08:13:56","modified_gmt":"2026-04-16T08:13:56","slug":"bruxelles-raspunde-ce-se-intampla-cu-banii-suspendati-din-pnrr","status":"publish","type":"post","link":"https:\/\/www.newsrecorder.ro\/app\/2026\/04\/16\/bruxelles-raspunde-ce-se-intampla-cu-banii-suspendati-din-pnrr\/","title":{"rendered":"Bruxelles r\u0103spunde: Ce se \u00eent\u00e2mpl\u0103 cu banii suspenda\u021bi din PNRR?"},"content":{"rendered":"<p>P\u00e2n\u0103 miercuri diminea\u021b\u0103, Comisia European\u0103 nu a furnizat Rom\u00e2niei evaluarea final\u0103 a celor patru jaloane suspendate \u00een cererea de plat\u0103 num\u0103rul trei, conform informa\u021biilor oferite de Ministerul Investi\u021biilor \u0219i Proiectelor Europene (MIPE) la solicitarea Mediafax.<\/p>\n<p>Conform reglement\u0103rilor, Comisia European\u0103 ar fi trebuit s\u0103 finalizeze evaluarea \u00eendeplinirii jaloanelor din Planul Na\u021bional de Redresare \u0219i Rezilien\u021b\u0103 (PNRR) \u00een termen de dou\u0103 luni de la data limit\u0103 de 28 noiembrie. Aceasta evaluare are un impact semnificativ, deoarece Comisia trebuie s\u0103 decid\u0103 asupra \u201eamenzilor\u201d ce pot ajunge la zeci de milioane de euro pentru jaloanele pe care le consider\u0103 ne\u00eendeplinite. De\u0219i termenul teoretic pentru finalizarea evalu\u0103rii este 28 ianuarie, reglement\u0103rile stipuleaz\u0103 c\u0103, \u00een cazul solicit\u0103rii de informa\u021bii suplimentare din partea Comisiei, acest termen ar putea fi extins.<\/p>\n<p>\u201eRom\u00e2nia a implementat m\u0103suri pentru a corecta deficien\u021bele identificate \u0219i a transmis Comisiei, la data de 28 noiembrie 2025, un r\u0103spuns la scrisoarea de observa\u021bii\u201d, au declarat oficialii de la MIPE.<\/p>\n<p>Cele patru jaloane \u00een discu\u021bie, \u00eempreun\u0103 cu sumele aferente, sunt urm\u0103toarele:<\/p>\n<ul>\n<li>Jalonul 215 \u2013 Adoptarea cadrului legislativ pentru reducerea cheltuielilor cu pensiile speciale<\/li>\n<li>Jalonul 440 \u2013 Opera\u021bionalizarea grupului operativ din cadrul Centrului Guvernului pentru coordonarea \u0219i monitorizarea politicilor de guvernan\u021b\u0103 corporativ\u0103<\/li>\n<li>Jalonul 121 \u2013 \u00cembun\u0103t\u0103\u021birea guvernan\u021bei corporative a companiilor de stat din sectorul energetic<\/li>\n<li>Jalonul 79 \u2013 Selectarea \u0219i numirea membrilor consiliului de administra\u021bie al C.N.A.I.R., C.N.I.R., C.F.R., Metrorex \u0219i C.F.R. C\u0103l\u0103tori.<\/li>\n<\/ul>\n<p id=\"caption-attachment-23720663\" class=\"wp-caption-text\">Sursa: MIPE<\/p>\n<p>\u00centr-un mesaj transmis de Bruxelles, oficialii Comisiei au confirmat miercuri c\u0103 evaluarea este \u00een desf\u0103\u0219urare. \u201eComisia evalueaz\u0103 \u00een prezent aceast\u0103 cerere \u0219i informa\u021biile aferente \u0219i va comunica autorit\u0103\u021bilor rom\u00e2ne rezultatele sale \u00een timp util. \u00cen prezent, Comisia nu poate oferi comentarii despre evalu\u0103rile aflate \u00een curs\u201d, a declarat un purt\u0103tor de cuv\u00e2nt al Comisiei Europene.<\/p>\n<p>Un aspect notabil este jalonul 121, care se refer\u0103 la guvernan\u021ba corporativ\u0103 a companiilor din sectorul energetic. Acesta a generat mult\u0103 aten\u021bie \u00een spa\u021biul public, av\u00e2nd o valoare de 227,9 milioane de euro. Autorit\u0103\u021bile rom\u00e2ne au transmis lista numirilor \u00een conducerea companiilor strategice, dar Hidroelectrica a fost men\u021bionat\u0103 ca fiind o excep\u021bie.<\/p>\n<p>Este important de subliniat c\u0103, recent, Hidroelectrica, cel mai mare produc\u0103tor de energie electric\u0103 din \u021bar\u0103 \u0219i lider pe pia\u021ba de furnizare, a anun\u021bat pe 20 martie reluarea procedurii de selec\u021bie pentru directorul general \u0219i directorul financiar. Aceast\u0103 decizie a avut loc la patru luni dup\u0103 un e\u0219ec al procedurii anterioare, c\u00e2nd niciun candidat nu a \u00eendeplinit toate condi\u021biile necesare pentru a fi ales \u00een func\u021bia de director general, iar procedura pentru directorul financiar a fost, de asemenea, declarat\u0103 nereu\u0219it\u0103.<\/p>\n<p>Noua dat\u0103 limit\u0103 pentru depunerea candidaturilor \u00een cadrul acestei proceduri este luni, 20 aprilie.<\/p>\n","protected":false},"excerpt":{"rendered":"<p>P\u00e2n\u0103 miercuri diminea\u021b\u0103, Comisia European\u0103 nu a furnizat Rom\u00e2niei evaluarea final\u0103 a celor patru jaloane suspendate \u00een cererea de plat\u0103 num\u0103rul trei, conform informa\u021biilor oferite de Ministerul Investi\u021biilor \u0219i Proiectelor Europene (MIPE) la solicitarea Mediafax. Conform reglement\u0103rilor, Comisia European\u0103 ar fi trebuit s\u0103 finalizeze evaluarea \u00eendeplinirii jaloanelor din Planul Na\u021bional de Redresare \u0219i Rezilien\u021b\u0103 (PNRR) [&hellip;]<\/p>\n","protected":false},"author":4,"featured_media":13860,"comment_status":"open","ping_status":"open","sticky":false,"template":"","format":"standard","meta":{"jnews-multi-image_gallery":[],"jnews_single_post":[],"jnews_primary_category":[],"jnews_override_counter":[],"footnotes":""},"categories":[40],"tags":[4693,499,3529,7602,16507,16506,149,8254],"class_list":["post-13859","post","type-post","status-publish","format-standard","has-post-thumbnail","hentry","category-econonie","tag-amenzile","tag-comisia-europeana","tag-evaluare","tag-jaloane","tag-ministerul-investitiilor-si-proiectelor-europene","tag-plan-national-de-redresare-si-rezilienta","tag-romania","tag-termen-limita"],"_links":{"self":[{"href":"https:\/\/www.newsrecorder.ro\/app\/wp-json\/wp\/v2\/posts\/13859","targetHints":{"allow":["GET"]}}],"collection":[{"href":"https:\/\/www.newsrecorder.ro\/app\/wp-json\/wp\/v2\/posts"}],"about":[{"href":"https:\/\/www.newsrecorder.ro\/app\/wp-json\/wp\/v2\/types\/post"}],"author":[{"embeddable":true,"href":"https:\/\/www.newsrecorder.ro\/app\/wp-json\/wp\/v2\/users\/4"}],"replies":[{"embeddable":true,"href":"https:\/\/www.newsrecorder.ro\/app\/wp-json\/wp\/v2\/comments?post=13859"}],"version-history":[{"count":0,"href":"https:\/\/www.newsrecorder.ro\/app\/wp-json\/wp\/v2\/posts\/13859\/revisions"}],"wp:featuredmedia":[{"embeddable":true,"href":"https:\/\/www.newsrecorder.ro\/app\/wp-json\/wp\/v2\/media\/13860"}],"wp:attachment":[{"href":"https:\/\/www.newsrecorder.ro\/app\/wp-json\/wp\/v2\/media?parent=13859"}],"wp:term":[{"taxonomy":"category","embeddable":true,"href":"https:\/\/www.newsrecorder.ro\/app\/wp-json\/wp\/v2\/categories?post=13859"},{"taxonomy":"post_tag","embeddable":true,"href":"https:\/\/www.newsrecorder.ro\/app\/wp-json\/wp\/v2\/tags?post=13859"}],"curies":[{"name":"wp","href":"https:\/\/api.w.org\/{rel}","templated":true}]}}