{"id":1389,"date":"2026-02-03T01:15:56","date_gmt":"2026-02-03T01:15:56","guid":{"rendered":"https:\/\/www.newsrecorder.ro\/app\/2026\/02\/03\/senatul-aproba-legea-anti-femicid-un-pas-crucial-pentru-siguranta\/"},"modified":"2026-02-03T01:15:56","modified_gmt":"2026-02-03T01:15:56","slug":"senatul-aproba-legea-anti-femicid-un-pas-crucial-pentru-siguranta","status":"publish","type":"post","link":"https:\/\/www.newsrecorder.ro\/app\/2026\/02\/03\/senatul-aproba-legea-anti-femicid-un-pas-crucial-pentru-siguranta\/","title":{"rendered":"Senatul aprob\u0103 legea anti-femicid: un pas crucial pentru siguran\u021b\u0103!"},"content":{"rendered":"<p>Proiectul de lege recent elaborat a beneficiat de contribu\u021bia activ\u0103 a senatoarelor USR, Simona Sp\u0103taru \u0219i Cynthia P\u0103un.<\/p>\n<p>Simona Sp\u0103taru, vicepre\u0219edinta Comisiei juridice din Senat, a subliniat importan\u021ba subiectului, afirm\u00e2nd c\u0103 \u201efemicidul nu este doar o problem\u0103 a femeilor din Rom\u00e2nia, ci o problem\u0103 care afecteaz\u0103 \u00eentreaga societate. Am observat cu to\u021bii o cre\u0219tere alarmant\u0103 a num\u0103rului femeilor ucise. Este esen\u021bial s\u0103 discut\u0103m despre preven\u021bie \u0219i, \u00een special, despre aplicarea unor pedepse mai severe pentru cei care comit astfel de crime. \u00cen acest context, femicidul va putea fi sanc\u021bionat cu \u00eenchisoare pe via\u021b\u0103, av\u00e2nd \u00een vedere statisticile \u00eengrijor\u0103toare privind recidiva agresorilor elibera\u021bi din deten\u021bie. De\u0219i Rom\u00e2nia dispune de instrumente legale, precum ordinele de protec\u021bie \u0219i incriminarea violen\u021bei domestice, aplicarea acestora este, adesea, insuficient\u0103. Este imperativ s\u0103 instruim poli\u021bi\u0219tii \u0219i magistra\u021bii, s\u0103 asigur\u0103m ad\u0103posturi func\u021bionale pentru victime \u0219i s\u0103 derul\u0103m campanii publice menite s\u0103 schimbe mentalit\u0103\u021bile.\u201d<\/p>\n<p>Noua legisla\u021bie ofer\u0103 o defini\u021bie clar\u0103 a femicidului, \u00eemp\u0103r\u021bindu-l \u00een trei categorii distincte: intim, non-intim \u0219i indirect.<\/p>\n<p>Printre modific\u0103rile aduse, legea prevede pedepse mai severe pentru omorul calificat comis asupra unui so\u021b, partener sau persoan\u0103 aflat\u0103 sub controlul agresorului. De asemenea, institu\u021biile statului vor avea obliga\u021bia de a monitoriza cazurile la nivel na\u021bional \u0219i de a publica rapoarte anuale referitoare la victime \u0219i agresori, facilit\u00e2nd astfel interven\u021bia preventiv\u0103.<\/p>\n<p>Cynthia P\u0103un, vicepre\u0219edinta Comisiei pentru munc\u0103, familie \u0219i solidaritate social\u0103 din Senat, a subliniat gravitatea situa\u021biei, afirm\u00e2nd: \u201eDoar anul trecut, zeci de femei din Rom\u00e2nia au fost ucise, nu pe strad\u0103, nu de str\u0103ini, ci \u00een propriile case, de parteneri sau fo\u0219ti so\u021bi. Aceste femei au cerut ajutor, dar, din p\u0103cate, au fost adesea ignorate. Ast\u0103zi, prin intermediul acestei legi, \u00eencerc\u0103m s\u0103 oprim un val de crime. Rom\u00e2nia va transmite, pentru prima dat\u0103, un mesaj clar: uciderea unei femei doar pentru c\u0103 este femeie are un nume \u0219i va avea consecin\u021be. A\u0219 fi preferat s\u0103 nu fie nevoie de aceast\u0103 lege, dar realitatea ne-a adus \u00een aceast\u0103 situa\u021bie.\u201d<\/p>\n<p>Printre m\u0103surile prev\u0103zute de lege se num\u0103r\u0103 posibilitatea de a \u00eencepe anchetele penale din oficiu, f\u0103r\u0103 a fi necesar\u0103 pl\u00e2ngerea victimei. De asemenea, pedepsele pentru h\u0103r\u021buire, amenin\u021b\u0103ri sau agresiuni fizice vor fi \u0219i ele intensificate. Proiectul include, de asemenea, m\u0103suri de protec\u021bie pentru copiii victimelor \u0219i introducerea de teme legate de respect \u0219i egalitate \u00een programa \u0219colar\u0103.<\/p>\n<p>Acum, proiectul de lege a fost \u00eenaintat pentru votul final la Camera Deputa\u021bilor.<\/p>\n","protected":false},"excerpt":{"rendered":"<p>Proiectul de lege recent elaborat a beneficiat de contribu\u021bia activ\u0103 a senatoarelor USR, Simona Sp\u0103taru \u0219i Cynthia P\u0103un. Simona Sp\u0103taru, vicepre\u0219edinta Comisiei juridice din Senat, a subliniat importan\u021ba subiectului, afirm\u00e2nd c\u0103 \u201efemicidul nu este doar o problem\u0103 a femeilor din Rom\u00e2nia, ci o problem\u0103 care afecteaz\u0103 \u00eentreaga societate. Am observat cu to\u021bii o cre\u0219tere alarmant\u0103 [&hellip;]<\/p>\n","protected":false},"author":2,"featured_media":1390,"comment_status":"open","ping_status":"open","sticky":false,"template":"","format":"standard","meta":{"jnews-multi-image_gallery":[],"jnews_single_post":[],"jnews_primary_category":[],"jnews_override_counter":[],"footnotes":""},"categories":[42],"tags":[558,2421,2423,2426,2425,149,2424,2422],"class_list":["post-1389","post","type-post","status-publish","format-standard","has-post-thumbnail","hentry","category-politica","tag-crime","tag-femicid","tag-legi","tag-pedepse","tag-preventie","tag-romania","tag-senat","tag-violenta-domestica"],"_links":{"self":[{"href":"https:\/\/www.newsrecorder.ro\/app\/wp-json\/wp\/v2\/posts\/1389","targetHints":{"allow":["GET"]}}],"collection":[{"href":"https:\/\/www.newsrecorder.ro\/app\/wp-json\/wp\/v2\/posts"}],"about":[{"href":"https:\/\/www.newsrecorder.ro\/app\/wp-json\/wp\/v2\/types\/post"}],"author":[{"embeddable":true,"href":"https:\/\/www.newsrecorder.ro\/app\/wp-json\/wp\/v2\/users\/2"}],"replies":[{"embeddable":true,"href":"https:\/\/www.newsrecorder.ro\/app\/wp-json\/wp\/v2\/comments?post=1389"}],"version-history":[{"count":0,"href":"https:\/\/www.newsrecorder.ro\/app\/wp-json\/wp\/v2\/posts\/1389\/revisions"}],"wp:featuredmedia":[{"embeddable":true,"href":"https:\/\/www.newsrecorder.ro\/app\/wp-json\/wp\/v2\/media\/1390"}],"wp:attachment":[{"href":"https:\/\/www.newsrecorder.ro\/app\/wp-json\/wp\/v2\/media?parent=1389"}],"wp:term":[{"taxonomy":"category","embeddable":true,"href":"https:\/\/www.newsrecorder.ro\/app\/wp-json\/wp\/v2\/categories?post=1389"},{"taxonomy":"post_tag","embeddable":true,"href":"https:\/\/www.newsrecorder.ro\/app\/wp-json\/wp\/v2\/tags?post=1389"}],"curies":[{"name":"wp","href":"https:\/\/api.w.org\/{rel}","templated":true}]}}