{"id":13897,"date":"2026-04-16T10:37:46","date_gmt":"2026-04-16T10:37:46","guid":{"rendered":"https:\/\/www.newsrecorder.ro\/app\/2026\/04\/16\/sase-state-blocheaza-aderarea-rapida-a-ucrainei-si-moldovei-la-ue\/"},"modified":"2026-04-16T10:37:46","modified_gmt":"2026-04-16T10:37:46","slug":"sase-state-blocheaza-aderarea-rapida-a-ucrainei-si-moldovei-la-ue","status":"publish","type":"post","link":"https:\/\/www.newsrecorder.ro\/app\/2026\/04\/16\/sase-state-blocheaza-aderarea-rapida-a-ucrainei-si-moldovei-la-ue\/","title":{"rendered":"\u201e\u0218ase state blocheaz\u0103 aderarea rapid\u0103 a Ucrainei \u0219i Moldovei la UE!\u201d"},"content":{"rendered":"<p>\u201eComisia European\u0103 a propus o posibil\u0103 scurtare a procesului de aderare pentru Ucraina, dar acest lucru nu va deveni realitate. Consider\u0103m c\u0103 Ucraina trebuie s\u0103 \u00eendeplineasc\u0103 toate criteriile, a\u0219a cum a fost \u0219i cazul nostru\u201d, a declarat viceministrul polonez Rados\u0142aw Sikorski \u00eentr-un interviu acordat matinalului RMF FM.<\/p>\n<p>Sikorski a subliniat c\u0103 exist\u0103 capitole dificile \u00een negocierile cu Ucraina, cum ar fi cele referitoare la agricultur\u0103 \u0219i transporturi.<\/p>\n<p><strong><a style=\"color: #0000ff\" href=\"https:\/\/www.mediafax.ro\/politic\/premierul-republicii-moldova-readuce-in-discutie-ideea-unirii-cu-romania-cetatenii-de-pe-ambele-maluri-ale-prutului-isi-dau-seama-ca-suntem-foarte-aproape-de-unire-23716305\">De\u0219i liderii Uniunii Europene au aprobat ini\u021bierea negocierilor tehnice pentru decembrie 2025<\/a><\/strong>, recunosc\u00e2nd progresele realizate de Chi\u0219in\u0103u \u0219i Kiev, procesul de aderare r\u0103m\u00e2ne unul bazat pe unanimitate.<\/p>\n<p>\u00cen timp ce \u021b\u0103ri precum Suedia \u0219i Danemarca \u00ee\u0219i exprim\u0103 sprijinul pentru finalizarea negocierilor p\u00e2n\u0103 la sf\u00e2r\u0219itul anului 2027, opozi\u021bia din partea marilor puteri europene, inclusiv Ungaria, face ca o aderare rapid\u0103 s\u0103 par\u0103 pu\u021bin probabil\u0103 \u00een prezent.<\/p>\n<p>Principalele state care au exprimat rezerve fa\u021b\u0103 de un calendar accelerat pentru aderarea Ucrainei sunt:<\/p>\n<ul>\n<li><strong>Ungaria<\/strong>: Sub conducerea noului premier P\u00e9ter Magyar, Budapesta \u00ee\u0219i men\u021bine pozi\u021bia \u00eempotriva unei ader\u0103ri rapide a Ucrainei, argument\u00e2nd c\u0103 un stat aflat \u00een conflict nu poate deveni membru al Uniunii Europene. Recent, Parlamentul Ungariei a adoptat o mo\u021biune de respingere a ader\u0103rii, sus\u021bin\u00e2nd c\u0103 integrarea Ucrainei ar implica UE \u00een r\u0103zboi.<\/li>\n<li><strong>Fran\u021ba \u0219i Germania<\/strong>: Aceste \u021b\u0103ri, considerate motorul Uniunii Europene, se opun scurt\u0103turilor procedurale. Oficialii din cele dou\u0103 \u021b\u0103ri insist\u0103 c\u0103 Ucraina trebuie s\u0103 finalizeze toate reformele necesare, iar o aderare rapid\u0103 ar putea destabiliza institu\u021biile europene \u0219i ar afecta carierele politice ale liderilor din cauza lipsei de suport popular pentru o extindere brusc\u0103.<\/li>\n<li><strong>\u021a\u0103rile de Jos \u0219i Italia<\/strong>: Aceste na\u021biuni, al\u0103turi de Fran\u021ba \u0219i Germania, au informat Comisia European\u0103 c\u0103 nu sus\u021bin modelul \u201eaderare \u00eent\u00e2i, integrare mai t\u00e2rziu\u201d propus anterior pentru 2027, cer\u00e2nd respectarea rigorii tradi\u021bionale a \u00eendeplinirii strict necesare a condi\u021biilor de aderare.<\/li>\n<\/ul>\n<p><strong>Austria<\/strong>, prin fostul cancelar Karl Nehammer, s-a declarat, de asemenea, \u201ecategoric\u201d \u00eempotriva unei proceduri accelerate. Viena subliniaz\u0103 c\u0103 nu trebuie s\u0103 existe tratamente preferen\u021biale pentru Ucraina \u0219i Moldova comparativ cu statele din Balcanii de Vest, care a\u0219teapt\u0103 de mult timp integrarea \u00een Uniunea European\u0103.<\/p>\n","protected":false},"excerpt":{"rendered":"<p>\u201eComisia European\u0103 a propus o posibil\u0103 scurtare a procesului de aderare pentru Ucraina, dar acest lucru nu va deveni realitate. Consider\u0103m c\u0103 Ucraina trebuie s\u0103 \u00eendeplineasc\u0103 toate criteriile, a\u0219a cum a fost \u0219i cazul nostru\u201d, a declarat viceministrul polonez Rados\u0142aw Sikorski \u00eentr-un interviu acordat matinalului RMF FM. Sikorski a subliniat c\u0103 exist\u0103 capitole dificile \u00een [&hellip;]<\/p>\n","protected":false},"author":2,"featured_media":13898,"comment_status":"open","ping_status":"open","sticky":false,"template":"","format":"standard","meta":{"jnews-multi-image_gallery":[],"jnews_single_post":[],"jnews_primary_category":[],"jnews_override_counter":[],"footnotes":""},"categories":[42],"tags":[1308,499,16549,686,2600,6335,682,321],"class_list":["post-13897","post","type-post","status-publish","format-standard","has-post-thumbnail","hentry","category-politica","tag-aderare","tag-comisia-europeana","tag-criterii","tag-negocieri","tag-opozitie","tag-radoslaw-sikorski","tag-ucraina","tag-uniunea-europeana"],"_links":{"self":[{"href":"https:\/\/www.newsrecorder.ro\/app\/wp-json\/wp\/v2\/posts\/13897","targetHints":{"allow":["GET"]}}],"collection":[{"href":"https:\/\/www.newsrecorder.ro\/app\/wp-json\/wp\/v2\/posts"}],"about":[{"href":"https:\/\/www.newsrecorder.ro\/app\/wp-json\/wp\/v2\/types\/post"}],"author":[{"embeddable":true,"href":"https:\/\/www.newsrecorder.ro\/app\/wp-json\/wp\/v2\/users\/2"}],"replies":[{"embeddable":true,"href":"https:\/\/www.newsrecorder.ro\/app\/wp-json\/wp\/v2\/comments?post=13897"}],"version-history":[{"count":0,"href":"https:\/\/www.newsrecorder.ro\/app\/wp-json\/wp\/v2\/posts\/13897\/revisions"}],"wp:featuredmedia":[{"embeddable":true,"href":"https:\/\/www.newsrecorder.ro\/app\/wp-json\/wp\/v2\/media\/13898"}],"wp:attachment":[{"href":"https:\/\/www.newsrecorder.ro\/app\/wp-json\/wp\/v2\/media?parent=13897"}],"wp:term":[{"taxonomy":"category","embeddable":true,"href":"https:\/\/www.newsrecorder.ro\/app\/wp-json\/wp\/v2\/categories?post=13897"},{"taxonomy":"post_tag","embeddable":true,"href":"https:\/\/www.newsrecorder.ro\/app\/wp-json\/wp\/v2\/tags?post=13897"}],"curies":[{"name":"wp","href":"https:\/\/api.w.org\/{rel}","templated":true}]}}