{"id":13909,"date":"2026-04-16T10:39:13","date_gmt":"2026-04-16T10:39:13","guid":{"rendered":"https:\/\/www.newsrecorder.ro\/app\/2026\/04\/16\/peter-magyar-interzis-sa-reprezinte-ppe-in-parlamentul-european\/"},"modified":"2026-04-16T10:39:13","modified_gmt":"2026-04-16T10:39:13","slug":"peter-magyar-interzis-sa-reprezinte-ppe-in-parlamentul-european","status":"publish","type":"post","link":"https:\/\/www.newsrecorder.ro\/app\/2026\/04\/16\/peter-magyar-interzis-sa-reprezinte-ppe-in-parlamentul-european\/","title":{"rendered":"Peter Magyar, interzis s\u0103 reprezinte PPE \u00een Parlamentul European!"},"content":{"rendered":"<p>Interdic\u021bia impus\u0103 celor \u0219apte europarlamentari ai Tisza a fost instituit\u0103 \u00een luna ianuarie, ca urmare a refuzului acestora de a se conforma directivei grupului PPE, condus de Manfred Weber. Ace\u0219tia au fost penaliza\u021bi dup\u0103 ce nu au votat \u00eempotriva mo\u021biunii de cenzur\u0103 ini\u021biate de grupul Patrio\u021bi pentru Europa, care viza Comisia European\u0103 condus\u0103 de Ursula von der Leyen, conform informa\u021biilor oferite de <a href=\"https:\/\/www.euractiv.com\/news\/victorious-magyar-still-banned-from-speaking-for-epp-on-hungary\/\" target=\"_blank\" rel=\"noopener\">Euractiv<\/a>.<\/p>\n<p>Delega\u021bia Tisza a ales s\u0103 nu participe la votul respectiv.<\/p>\n<p>Partidul Popular European (PPE) reprezint\u0103 cel mai mare grup politic din Parlamentul European, av\u00e2ndu-l printre membrii s\u0103i pe pre\u0219edinta Comisiei Europene, Ursula von der Leyen.<\/p>\n<p>Consecin\u021bele sanc\u021biunilor sunt severe: eurodeputa\u021bii afecta\u021bi nu pot lua cuv\u00e2ntul \u00een plen \u00een numele PPE, nu au dreptul de a coordona dosare legislative \u0219i nu pot purta negocieri \u00een numele colegilor lor timp de \u0219ase luni.<\/p>\n<p>\u201eAr fi un semnal politic puternic ca P\u00e9ter Magyar, cel care a reu\u0219it s\u0103 rup\u0103 str\u00e2nsoarea lui Orb\u00e1n asupra Uniunii Europene, s\u0103 fie primul vorbitor \u00een numele PPE \u00een dezbaterea-cheie din urm\u0103toarea sesiune plenar\u0103. El ar putea explica modul \u00een care inten\u021bioneaz\u0103 s\u0103 readuc\u0103 Ungaria \u00een inima Europei\u201d, a afirmat Hannah Neumann, europarlamentar\u0103 german\u0103 din partea Verzilor.<\/p>\n<p>\u201eSunt convins\u0103 c\u0103 Manfred Weber este suficient de m\u00e2ndru de succesul electoral al colegilor s\u0103i pentru a le acorda acest privilegiu\u201d, a ad\u0103ugat ea pentru Euractiv.<\/p>\n<p>Cu toate acestea, Jeroen Lenaers, eurodeputat olandez \u0219i lider al grupului PPE, a confirmat c\u0103 interdic\u021bia r\u0103m\u00e2ne \u00een vigoare.<\/p>\n<p>Pe parcursul campaniei electorale, Tisza a ales s\u0103 se distan\u021beze de pozi\u021biile oficiale ale grupului s\u0103u pe subiecte sensibile precum Ucraina, migra\u021bia \u0219i voturile legate de Ursula von der Leyen, pentru a nu oferi lui Viktor Orb\u00e1n o oportunitate facil\u0103 de atac.<\/p>\n","protected":false},"excerpt":{"rendered":"<p>Interdic\u021bia impus\u0103 celor \u0219apte europarlamentari ai Tisza a fost instituit\u0103 \u00een luna ianuarie, ca urmare a refuzului acestora de a se conforma directivei grupului PPE, condus de Manfred Weber. Ace\u0219tia au fost penaliza\u021bi dup\u0103 ce nu au votat \u00eempotriva mo\u021biunii de cenzur\u0103 ini\u021biate de grupul Patrio\u021bi pentru Europa, care viza Comisia European\u0103 condus\u0103 de Ursula [&hellip;]<\/p>\n","protected":false},"author":2,"featured_media":13910,"comment_status":"open","ping_status":"open","sticky":false,"template":"","format":"standard","meta":{"jnews-multi-image_gallery":[],"jnews_single_post":[],"jnews_primary_category":[],"jnews_override_counter":[],"footnotes":""},"categories":[42],"tags":[499,4157,4317,16558,12212,11305,86,12257],"class_list":["post-13909","post","type-post","status-publish","format-standard","has-post-thumbnail","hentry","category-politica","tag-comisia-europeana","tag-europarlamentari","tag-interdictie","tag-manfred-weber","tag-motiune-de-cenzura","tag-partidul-popular-european","tag-sanctiuni","tag-tisza"],"_links":{"self":[{"href":"https:\/\/www.newsrecorder.ro\/app\/wp-json\/wp\/v2\/posts\/13909","targetHints":{"allow":["GET"]}}],"collection":[{"href":"https:\/\/www.newsrecorder.ro\/app\/wp-json\/wp\/v2\/posts"}],"about":[{"href":"https:\/\/www.newsrecorder.ro\/app\/wp-json\/wp\/v2\/types\/post"}],"author":[{"embeddable":true,"href":"https:\/\/www.newsrecorder.ro\/app\/wp-json\/wp\/v2\/users\/2"}],"replies":[{"embeddable":true,"href":"https:\/\/www.newsrecorder.ro\/app\/wp-json\/wp\/v2\/comments?post=13909"}],"version-history":[{"count":0,"href":"https:\/\/www.newsrecorder.ro\/app\/wp-json\/wp\/v2\/posts\/13909\/revisions"}],"wp:featuredmedia":[{"embeddable":true,"href":"https:\/\/www.newsrecorder.ro\/app\/wp-json\/wp\/v2\/media\/13910"}],"wp:attachment":[{"href":"https:\/\/www.newsrecorder.ro\/app\/wp-json\/wp\/v2\/media?parent=13909"}],"wp:term":[{"taxonomy":"category","embeddable":true,"href":"https:\/\/www.newsrecorder.ro\/app\/wp-json\/wp\/v2\/categories?post=13909"},{"taxonomy":"post_tag","embeddable":true,"href":"https:\/\/www.newsrecorder.ro\/app\/wp-json\/wp\/v2\/tags?post=13909"}],"curies":[{"name":"wp","href":"https:\/\/api.w.org\/{rel}","templated":true}]}}