{"id":13929,"date":"2026-04-16T14:13:12","date_gmt":"2026-04-16T14:13:12","guid":{"rendered":"https:\/\/www.newsrecorder.ro\/app\/2026\/04\/16\/conflict-diplomatic-presedintele-braziliei-ii-raspunde-lui-trump\/"},"modified":"2026-04-16T14:13:12","modified_gmt":"2026-04-16T14:13:12","slug":"conflict-diplomatic-presedintele-braziliei-ii-raspunde-lui-trump","status":"publish","type":"post","link":"https:\/\/www.newsrecorder.ro\/app\/2026\/04\/16\/conflict-diplomatic-presedintele-braziliei-ii-raspunde-lui-trump\/","title":{"rendered":"Conflict diplomatic: Pre\u0219edintele Braziliei \u00eei r\u0103spunde lui Trump!"},"content":{"rendered":"<p class=\"p1\"><strong><a style=\"color: #0000ff\" href=\"https:\/\/www.mediafax.ro\/externe\/fostul-sef-al-serviciilor-secrete-braziliene-arestat-in-statele-unite-de-catre-ice-23719596\">Pre\u0219edintele Braziliei, Luiz Inacio Lula da Silva<\/a><\/strong>, a acordat recent un interviu exclusiv <strong><a style=\"color: #0000ff\" href=\"https:\/\/elpais.com\/america\/2026-04-16\/lula-trump-no-tiene-derecho-a-levantarse-por-la-manana-y-amenazar-a-un-pais.html\">EL PA\u00cdS Brasilia<\/a><\/strong>, \u00een care a discutat despre criza global\u0103 actual\u0103, viitoarele alegeri \u0219i provoc\u0103rile cu care se confrunt\u0103, inclusiv un posibil nou mandat al lui Jair Bolsonaro. De asemenea, a vorbit despre vizita sa \u00een Spania, unde s-a \u00eent\u00e2lnit cu lideri interna\u021bionali, inclusiv cu Pedro S\u00e1nchez.<\/p>\n<p id=\"caption-attachment-23721208\" class=\"wp-caption-text\">HANDOUT \u2013 25 martie 2026, Brazil, Gaviao Peixoto: Pre\u0219edintele Braziliei, Luiz Inacio Lula da Silva (C) particip\u0103 la ceremonia de dezvelire a primului avion de v\u00e2n\u0103toare F-39E Gripen fabricat \u00een Brazilia, la aerodromul Embraer. Foto: Ricardo Stuckert\/Pr\/Agencia Brazil\/dpa \u2013 ATEN\u021aIE: Numai pentru utilizare editorial\u0103, men\u021bion\u00e2nd creditul complet.<\/p>\n<p>Lula da Silva a abordat \u0219i rela\u021bia sa tumultoas\u0103 cu pre\u0219edintele american, Donald Trump. El a declarat:<\/p>\n<p class=\"p1\">&#8222;Am fost surprins de faptul c\u0103 argumentele lui Trump pentru impunerea de tarife vamale asupra Braziliei nu erau justificate. Aceast\u0103 obsesie cu puterea militar\u0103, cu navele \u0219i avioanele de v\u00e2n\u0103toare&#8230; Am decis s\u0103 fiu r\u0103bd\u0103tor \u0219i i-am spus: \u201eDou\u0103 \u021b\u0103ri conduse de doi b\u0103rba\u021bi de 80 de ani ar trebui s\u0103 aib\u0103 o conversa\u021bie matur\u0103.\u201d Nu trebuie s\u0103 fim alinia\u021bi ideologic. Un lider trebuie s\u0103 se a\u0219eze la mas\u0103 av\u00e2nd \u00een minte interesele \u021b\u0103rii sale. I-am spus lui Trump c\u0103 este crucial s\u0103 defineasc\u0103 tipul de lider pe care vrea s\u0103 fie. Prefer s\u0103 fiu un lider respectat, nu unul temut. Nimeni nu are dreptul s\u0103 inspire fric\u0103.&#8221;<\/p>\n<p class=\"p1\">&#8222;Cum l-a\u021bi caracteriza pe Trump?&#8221; a fost \u00eentrebat Lula da Silva. R\u0103spunsul s\u0103u a fost clar:<\/p>\n<p class=\"p1\">&#8222;Joac\u0103 un joc foarte gre\u0219it. Presupune c\u0103 puterea economic\u0103, militar\u0103 \u0219i tehnologic\u0103 a Statelor Unite stabile\u0219te regulile jocului. \u00cens\u0103, pe termen lung, asta creeaz\u0103 probleme pentru SUA. C\u00e2nd a decis s\u0103 atace Iranul, nu cred c\u0103 a realizat c\u0103 <a href=\"https:\/\/elpais.com\/economia\/2026-03-12\/por-que-la-guerra-en-iran-dispara-el-precio-del-diesel-por-encima-de-la-gasolina.html\">pre\u021burile combustibililor vor cre\u0219te<\/a> \u0219i c\u0103 cet\u0103\u021benii vor suporta costul. Un \u0219ef de stat trebuie s\u0103 respecte suveranitatea altor \u021b\u0103ri. M\u0103 \u00eengrijoreaz\u0103 profund c\u0103 Organiza\u021bia Na\u021biunilor Unite, creat\u0103 pentru a men\u021bine pacea, este implicat\u0103 \u00een conflicte. Se pare c\u0103 lumea este o nav\u0103 \u00een deriv\u0103, f\u0103r\u0103 nicio institu\u021bie care s\u0103 ghideze comportamentul civilizat al na\u021biunilor. Ne confrunt\u0103m cu o situa\u021bie extrem de delicat\u0103: nu au existat at\u00e2t de multe conflicte simultane de la Al Doilea R\u0103zboi Mondial \u00eencoace. \u00cen doar un an, s-au cheltuit 2,7 trilioane de dolari pe r\u0103zboaie. Cu jum\u0103tate din aceast\u0103 sum\u0103, am putea eradica analfabetismul, rezolva problema energetic\u0103 global\u0103 \u0219i pune cap\u0103t foametei pentru 630 de milioane de oameni. C\u00e2nd ne vom reveni&#8230;&#8221;.<\/p>\n<p class=\"p1\">&#8222;Lumea este o corabie \u00een deriv\u0103. Un al Treilea R\u0103zboi Mondial ar fi o tragedie de zece ori mai devastatoare dec\u00e2t al Doilea.&#8221;<\/p>\n<p class=\"p1\">&#8222;A sosit timpul s\u0103 <a href=\"https:\/\/elpais.com\/opinion\/2024-09-29\/es-urgente-reformar-la-onu.html\">redefinim Na\u021biunile Unite pentru a-i reda credibilitatea<\/a>, deoarece \u00een caz contrar, Trump are dreptate. Institu\u021biile interna\u021bionale nu \u00ee\u0219i \u00eendeplinesc rolul pentru care au fost create. De ce? Pentru c\u0103 cele cinci \u021b\u0103ri din Consiliul de Securitate, care ar trebui s\u0103 fie un exemplu, nu \u00ee\u0219i fac datoria. Invaziile din Irak \u0219i Libia, invazia Ucrainei de c\u0103tre Putin sau <a href=\"https:\/\/elpais.com\/opinion\/2024-09-29\/es-urgente-reformar-la-onu.html\">masacrul din Gaza<\/a> nu au fost aduse \u00een discu\u021bie \u00een fa\u021ba Consiliului de Securitate. Pacificatorii au devenit conduc\u0103tori de r\u0103zboi. Exist\u0103 \u021b\u0103ri \u00een Africa cu peste 120 de milioane de locuitori, iar niciuna dintre ele nu este reprezentat\u0103 \u00een Consiliul de Securitate. Nici Brazilia, nici Germania, nici India&#8230; \u0219i puterea de veto trebuie abolit\u0103. Geopolitica din 1945 nu mai este relevant\u0103 \u00een 2026.&#8221;<\/p>\n<p class=\"p1\">Aceasta este provocarea. Toat\u0103 lumea este presat\u0103 s\u0103 se re\u00eenarmeze. \u00cen Brazilia, am crezut \u00een dezarmare \u0219i am adoptat o Constitu\u021bie \u00een 1988 care interzice fabricarea armelor nucleare. \u00cens\u0103, ce s-a \u00eent\u00e2mplat? Statele Unite nu au dezarmat, nici Rusia. China, India, Pakistan \u0219i Coreea de Nord continu\u0103 s\u0103 produc\u0103 armament. Ne afl\u0103m \u00een fa\u021ba unei situa\u021bii delicate, av\u00e2nd o frontier\u0103 terestr\u0103 de 16.800 de kilometri \u0219i 8.500 de kilometri de coast\u0103. Dar nu doresc s\u0103 investesc \u00een arme, ci \u00een educa\u021bie, hran\u0103 \u0219i locuri de munc\u0103. Problema este c\u0103 Uniunea European\u0103 a propus recent 800 de miliarde de euro pentru ap\u0103rare, Regatul Unit \u0219i Japonia se re\u00eenarmeaz\u0103&#8230; Cineva trebuie s\u0103 ac\u021bioneze. Am luat leg\u0103tura cu lideri precum Xi Jinping, Modi, Putin \u0219i Macron, invit\u00e2ndu-i la discu\u021bii. Nu este drept ca Trump s\u0103 se trezeasc\u0103 diminea\u021ba \u0219i s\u0103 amenin\u021be o \u021bar\u0103. Nu a fost ales pentru asta, iar Constitu\u021bia sa nu permite acest comportament. Este esen\u021bial ca cei afla\u021bi la putere s\u0103 \u00ee\u0219i asume o responsabilitate mai mare pentru men\u021binerea p\u0103cii.&#8221;<\/p>\n<p class=\"p1\">Lula da Silva subliniaz\u0103 c\u0103 ONU nu are puterea necesar\u0103 pentru nimic. &#8222;Pentru numele lui Dumnezeu, un al treilea r\u0103zboi mondial ar fi o tragedie de zece ori mai devastatoare dec\u00e2t primul. Ar putea avea loc dac\u0103 liderii continu\u0103 s\u0103 cread\u0103 c\u0103 pot ac\u021biona f\u0103r\u0103 consecin\u021be. Singura modalitate de a preveni o astfel de catastrof\u0103 este consolidarea multilateralismului \u0219i a democra\u021biei.&#8221;<\/p>\n","protected":false},"excerpt":{"rendered":"<p>Pre\u0219edintele Braziliei, Luiz Inacio Lula da Silva, a acordat recent un interviu exclusiv EL PA\u00cdS Brasilia, \u00een care a discutat despre criza global\u0103 actual\u0103, viitoarele alegeri \u0219i provoc\u0103rile cu care se confrunt\u0103, inclusiv un posibil nou mandat al lui Jair Bolsonaro. De asemenea, a vorbit despre vizita sa \u00een Spania, unde s-a \u00eent\u00e2lnit cu lideri [&hellip;]<\/p>\n","protected":false},"author":2,"featured_media":13930,"comment_status":"open","ping_status":"open","sticky":false,"template":"","format":"standard","meta":{"jnews-multi-image_gallery":[],"jnews_single_post":[],"jnews_primary_category":[],"jnews_override_counter":[],"footnotes":""},"categories":[39],"tags":[1042,389,8263,31,16587,16586,429,703],"class_list":["post-13929","post","type-post","status-publish","format-standard","has-post-thumbnail","hentry","category-stirile-zilei","tag-alegeri","tag-brazilia","tag-criza-globala","tag-jnews_demo_donald-trump","tag-jair-bolsonaro","tag-lula-da-silva","tag-relatii-internationale","tag-spania"],"_links":{"self":[{"href":"https:\/\/www.newsrecorder.ro\/app\/wp-json\/wp\/v2\/posts\/13929","targetHints":{"allow":["GET"]}}],"collection":[{"href":"https:\/\/www.newsrecorder.ro\/app\/wp-json\/wp\/v2\/posts"}],"about":[{"href":"https:\/\/www.newsrecorder.ro\/app\/wp-json\/wp\/v2\/types\/post"}],"author":[{"embeddable":true,"href":"https:\/\/www.newsrecorder.ro\/app\/wp-json\/wp\/v2\/users\/2"}],"replies":[{"embeddable":true,"href":"https:\/\/www.newsrecorder.ro\/app\/wp-json\/wp\/v2\/comments?post=13929"}],"version-history":[{"count":0,"href":"https:\/\/www.newsrecorder.ro\/app\/wp-json\/wp\/v2\/posts\/13929\/revisions"}],"wp:featuredmedia":[{"embeddable":true,"href":"https:\/\/www.newsrecorder.ro\/app\/wp-json\/wp\/v2\/media\/13930"}],"wp:attachment":[{"href":"https:\/\/www.newsrecorder.ro\/app\/wp-json\/wp\/v2\/media?parent=13929"}],"wp:term":[{"taxonomy":"category","embeddable":true,"href":"https:\/\/www.newsrecorder.ro\/app\/wp-json\/wp\/v2\/categories?post=13929"},{"taxonomy":"post_tag","embeddable":true,"href":"https:\/\/www.newsrecorder.ro\/app\/wp-json\/wp\/v2\/tags?post=13929"}],"curies":[{"name":"wp","href":"https:\/\/api.w.org\/{rel}","templated":true}]}}