{"id":13947,"date":"2026-04-16T17:41:37","date_gmt":"2026-04-16T17:41:37","guid":{"rendered":"https:\/\/www.newsrecorder.ro\/app\/2026\/04\/16\/hugo-ekitike-lovitura-grea-pentru-liverpool-ruptura-de-tendon-ahile\/"},"modified":"2026-04-16T17:41:37","modified_gmt":"2026-04-16T17:41:37","slug":"hugo-ekitike-lovitura-grea-pentru-liverpool-ruptura-de-tendon-ahile","status":"publish","type":"post","link":"https:\/\/www.newsrecorder.ro\/app\/2026\/04\/16\/hugo-ekitike-lovitura-grea-pentru-liverpool-ruptura-de-tendon-ahile\/","title":{"rendered":"Hugo Ekitike, lovitur\u0103 grea pentru Liverpool: ruptur\u0103 de tendon Ahile!"},"content":{"rendered":"<p>Liverpool FC a anun\u021bat oficial c\u0103 atacantul Hugo Ekitike a suferit o accidentare sever\u0103 la tendonul lui Ahile. Aceast\u0103 veste a venit dup\u0103 incidentul din meciul de mar\u021bi din UEFA Champions League, desf\u0103\u0219urat pe terenul de acas\u0103 al echipei, Anfield, \u00een care Liverpool a fost \u00eenvins\u0103 cu 0-2 \u00een sferturile de final\u0103 de c\u0103tre Paris Saint-Germain.<\/p>\n<p>Conform comunicatului clubului, Ekitike a fost nevoit s\u0103 p\u0103r\u0103seasc\u0103 terenul \u00een prima parte a meciului, dup\u0103 ce a alunecat pe gazon. Investiga\u021biile medicale realizate ulterior au confirmat o ruptur\u0103 a tendonului lui Ahile, ceea ce \u00eenseamn\u0103 c\u0103 atacantul va lipsi de pe teren pentru tot restul sezonului.<\/p>\n<p>\u201eDin p\u0103cate, Ekitike nu va putea participa la ultimele s\u0103pt\u0103m\u00e2ni ale sezonului cu echipa sa de club \u0219i, de asemenea, nu va fi disponibil pentru a lua parte la Cupa Mondial\u0103 din aceast\u0103 var\u0103, al\u0103turi de na\u021bionala Fran\u021bei\u201d, a ad\u0103ugat Liverpool \u00een comunicat.<\/p>\n<p>Clubul a subliniat c\u0103 Hugo Ekitike va beneficia de tot sprijinul necesar \u00een perioada de recuperare, promi\u021b\u00e2nd c\u0103 vor oferi actualiz\u0103ri suplimentare atunci c\u00e2nd va fi cazul.<\/p>\n","protected":false},"excerpt":{"rendered":"<p>Liverpool FC a anun\u021bat oficial c\u0103 atacantul Hugo Ekitike a suferit o accidentare sever\u0103 la tendonul lui Ahile. Aceast\u0103 veste a venit dup\u0103 incidentul din meciul de mar\u021bi din UEFA Champions League, desf\u0103\u0219urat pe terenul de acas\u0103 al echipei, Anfield, \u00een care Liverpool a fost \u00eenvins\u0103 cu 0-2 \u00een sferturile de final\u0103 de c\u0103tre Paris [&hellip;]<\/p>\n","protected":false},"author":6,"featured_media":13948,"comment_status":"open","ping_status":"open","sticky":false,"template":"","format":"standard","meta":{"jnews-multi-image_gallery":[],"jnews_single_post":[],"jnews_primary_category":[],"jnews_override_counter":[],"footnotes":""},"categories":[46],"tags":[75,2555,16604,16603,5840,1598,16605,8427],"class_list":["post-13947","post","type-post","status-publish","format-standard","has-post-thumbnail","hentry","category-sport","tag-accidentare","tag-cupa-mondiala","tag-hugo-ekitike","tag-liverpool-fc","tag-paris-saint-germain","tag-sezon","tag-tendon-ahile","tag-uefa-champions-league"],"_links":{"self":[{"href":"https:\/\/www.newsrecorder.ro\/app\/wp-json\/wp\/v2\/posts\/13947","targetHints":{"allow":["GET"]}}],"collection":[{"href":"https:\/\/www.newsrecorder.ro\/app\/wp-json\/wp\/v2\/posts"}],"about":[{"href":"https:\/\/www.newsrecorder.ro\/app\/wp-json\/wp\/v2\/types\/post"}],"author":[{"embeddable":true,"href":"https:\/\/www.newsrecorder.ro\/app\/wp-json\/wp\/v2\/users\/6"}],"replies":[{"embeddable":true,"href":"https:\/\/www.newsrecorder.ro\/app\/wp-json\/wp\/v2\/comments?post=13947"}],"version-history":[{"count":0,"href":"https:\/\/www.newsrecorder.ro\/app\/wp-json\/wp\/v2\/posts\/13947\/revisions"}],"wp:featuredmedia":[{"embeddable":true,"href":"https:\/\/www.newsrecorder.ro\/app\/wp-json\/wp\/v2\/media\/13948"}],"wp:attachment":[{"href":"https:\/\/www.newsrecorder.ro\/app\/wp-json\/wp\/v2\/media?parent=13947"}],"wp:term":[{"taxonomy":"category","embeddable":true,"href":"https:\/\/www.newsrecorder.ro\/app\/wp-json\/wp\/v2\/categories?post=13947"},{"taxonomy":"post_tag","embeddable":true,"href":"https:\/\/www.newsrecorder.ro\/app\/wp-json\/wp\/v2\/tags?post=13947"}],"curies":[{"name":"wp","href":"https:\/\/api.w.org\/{rel}","templated":true}]}}