{"id":13953,"date":"2026-04-16T17:42:34","date_gmt":"2026-04-16T17:42:34","guid":{"rendered":"https:\/\/www.newsrecorder.ro\/app\/2026\/04\/16\/celta-vigo-si-ionut-radu-vizeaza-remontada-in-europa-league\/"},"modified":"2026-04-16T17:42:34","modified_gmt":"2026-04-16T17:42:34","slug":"celta-vigo-si-ionut-radu-vizeaza-remontada-in-europa-league","status":"publish","type":"post","link":"https:\/\/www.newsrecorder.ro\/app\/2026\/04\/16\/celta-vigo-si-ionut-radu-vizeaza-remontada-in-europa-league\/","title":{"rendered":"Celta Vigo \u0219i Ionu\u021b Radu vizeaz\u0103 \u201eremontada\u201d \u00een Europa League!"},"content":{"rendered":"<p>Partida de retur dintre Celta Vigo \u0219i Freiburg se va desf\u0103\u0219ura pe terenul spaniolilor, joi seara, \u00eencep\u00e2nd cu ora 19:45. Echipa antrenat\u0103 de Radu \u0219i colegii s\u0103i \u00ee\u0219i propune s\u0103 continue parcursul solid pe teren propriu \u00een competi\u021bie, av\u00e2nd \u00een vedere c\u0103 au ob\u021binut patru victorii din cele \u0219ase meciuri europene disputate acas\u0103 \u00een acest sezon.<\/p>\n<p>De\u0219i rezultatele recente nu sunt \u00een favoarea lor, cu trei \u00eenfr\u00e2ngeri \u00een ultimele patru meciuri oficiale, antrenorul Claudio Gir\u00e1ldez r\u0103m\u00e2ne optimist. \u00cen cadrul conferin\u021bei de pres\u0103 de miercuri, el a subliniat c\u0103 echipa sa dispune de toate resursele necesare pentru a \u00eentoarce soarta duelului.<\/p>\n<p>\u00cen prima man\u0219\u0103, Freiburg a avut o presta\u021bie cov\u00e2r\u0219itoare, impun\u00e2ndu-se cu 3-0, iar Vincenzo Grifo a deschis scorul \u00een minutul 10. Nem\u021bii \u00ee\u0219i propun s\u0103 ajung\u0103 \u00een premier\u0103 \u00een semifinale la nivel european \u00een istoria clubului.<\/p>\n<p>Statistic, Celta are un avantaj important: a c\u00e2\u0219tigat 12 din cele 13 duble man\u0219e europene \u00een care a disputat returul pe teren propriu, inclusiv ultimele 11 consecutiv. De asemenea, echipele din Spania au \u00eenregistrat 10 victorii \u00een ultimele 11 meciuri europene acas\u0103 contra forma\u021biilor germane.<\/p>\n<p>Pe de alt\u0103 parte, Freiburg se confrunt\u0103 cu dificult\u0103\u021bi \u00een deplasare \u00een fazele eliminatorii europene, nereu\u0219ind s\u0103 marcheze \u00een \u0219apte dintre ultimele opt partide similare.<\/p>\n<p>\u00cen cazul \u00een care Celta Vigo reu\u0219e\u0219te s\u0103 se califice, c\u00e2\u0219tig\u0103toarea duelului va \u00eent\u00e2lni \u00een semifinale echipa care va ie\u0219i \u00eenving\u0103toare din confruntarea dintre Real Betis \u0219i Braga.<\/p>\n<p>Celelalte meciuri din sferturile de final\u0103 sunt programate s\u0103 \u00eenceap\u0103 de la ora 22:00. Aston Villa are prima \u0219ans\u0103 \u00een fa\u021ba echipei italiene Bologna, dup\u0103 ce s-a impus cu 3-1 \u00een prima man\u0219\u0103 disputat\u0103 \u00een deplasare.<\/p>\n<p>Nottingham Forest se va \u00eenfrunta cu FC Porto dup\u0103 o remiz\u0103 \u00een Portugalia, scor 1-1, iar Real Betis \u0219i Braga pleac\u0103 de la egalitate \u00eenainte de returul din Spania, unde au terminat prima man\u0219\u0103 cu 1-1.<\/p>\n<p>\u00cen UEFA Conference League, funda\u0219ul rom\u00e2n Andrei Ra\u021biu este la un pas de o calificare istoric\u0103 \u00een semifinale al\u0103turi de Rayo Vallecano, ceea ce ar reprezenta cea mai important\u0103 performan\u021b\u0103 european\u0103 din istoria clubului spaniol.<\/p>\n<p>Rayo a ob\u021binut o victorie conving\u0103toare \u00een prima man\u0219\u0103, scor 3-0, pe teren propriu, \u00een fa\u021ba echipei AEK Atena, la care evolueaz\u0103 \u0219i rom\u00e2nul R\u0103zvan Marin.<\/p>\n<p>De\u0219i forma echipei \u00een campionat este oscilant\u0103, cu Rayo cobor\u00e2nd pe locul 13 \u00een La Liga dup\u0103 o \u00eenfr\u00e2ngere cu Mallorca, rezultatele din Conference League \u00een deplasare le ofer\u0103 \u00eencredere. Rayo a suferit o singur\u0103 \u00eenfr\u00e2ngere \u00een ultimele cinci meciuri externe.<\/p>\n<p>\u00cen schimb, AEK Atena trebuie s\u0103 realizeze o revenire perfect\u0103 pentru a mai avea \u0219anse la calificare. Grecii au avut un parcurs solid p\u00e2n\u0103 \u00een sferturi, dar \u00eenfr\u00e2ngerea sever\u0103 din prima man\u0219\u0103 le complic\u0103 serios planurile. Echipa antrenat\u0103 de Marko Nikolic se bazeaz\u0103 pe avantajul terenului propriu, unde a c\u00e2\u0219tigat cinci din cele \u0219apte meciuri europene disputate \u00een acest sezon.<\/p>\n<p>Partida dintre AEK Atena \u0219i Rayo Vallecano este programat\u0103 s\u0103 \u00eenceap\u0103 de la ora 22:00.<\/p>\n<p>\u00cen celelalte confrunt\u0103ri, echipele \u0218ahtior Done\u021bk (3-0 cu AZ Alkmaar), Crystal Palace (3-0 cu Fiorentina) \u0219i Mainz (2-0 cu Strasbourg) pornesc cu prima \u0219ans\u0103 la calificarea \u00een semifinale, de\u0219i vor juca \u00een deplasare.<\/p>\n<p>Meciul dintre \u0218ahtior \u0219i AZ Alkmaar este programat s\u0103 \u00eenceap\u0103 la ora 19:45, \u00een timp ce celelalte partide vor avea loc de la ora 22:00.<\/p>\n","protected":false},"excerpt":{"rendered":"<p>Partida de retur dintre Celta Vigo \u0219i Freiburg se va desf\u0103\u0219ura pe terenul spaniolilor, joi seara, \u00eencep\u00e2nd cu ora 19:45. Echipa antrenat\u0103 de Radu \u0219i colegii s\u0103i \u00ee\u0219i propune s\u0103 continue parcursul solid pe teren propriu \u00een competi\u021bie, av\u00e2nd \u00een vedere c\u0103 au ob\u021binut patru victorii din cele \u0219ase meciuri europene disputate acas\u0103 \u00een acest [&hellip;]<\/p>\n","protected":false},"author":6,"featured_media":13954,"comment_status":"open","ping_status":"open","sticky":false,"template":"","format":"standard","meta":{"jnews-multi-image_gallery":[],"jnews_single_post":[],"jnews_primary_category":[],"jnews_override_counter":[],"footnotes":""},"categories":[46],"tags":[838,6279,56,15848,16609,16608,1109,51],"class_list":["post-13953","post","type-post","status-publish","format-standard","has-post-thumbnail","hentry","category-sport","tag-antrenor","tag-celta-vigo","tag-competitie","tag-freiburg","tag-istorie-club","tag-meciuri-europene","tag-semifinale","tag-victorii"],"_links":{"self":[{"href":"https:\/\/www.newsrecorder.ro\/app\/wp-json\/wp\/v2\/posts\/13953","targetHints":{"allow":["GET"]}}],"collection":[{"href":"https:\/\/www.newsrecorder.ro\/app\/wp-json\/wp\/v2\/posts"}],"about":[{"href":"https:\/\/www.newsrecorder.ro\/app\/wp-json\/wp\/v2\/types\/post"}],"author":[{"embeddable":true,"href":"https:\/\/www.newsrecorder.ro\/app\/wp-json\/wp\/v2\/users\/6"}],"replies":[{"embeddable":true,"href":"https:\/\/www.newsrecorder.ro\/app\/wp-json\/wp\/v2\/comments?post=13953"}],"version-history":[{"count":0,"href":"https:\/\/www.newsrecorder.ro\/app\/wp-json\/wp\/v2\/posts\/13953\/revisions"}],"wp:featuredmedia":[{"embeddable":true,"href":"https:\/\/www.newsrecorder.ro\/app\/wp-json\/wp\/v2\/media\/13954"}],"wp:attachment":[{"href":"https:\/\/www.newsrecorder.ro\/app\/wp-json\/wp\/v2\/media?parent=13953"}],"wp:term":[{"taxonomy":"category","embeddable":true,"href":"https:\/\/www.newsrecorder.ro\/app\/wp-json\/wp\/v2\/categories?post=13953"},{"taxonomy":"post_tag","embeddable":true,"href":"https:\/\/www.newsrecorder.ro\/app\/wp-json\/wp\/v2\/tags?post=13953"}],"curies":[{"name":"wp","href":"https:\/\/api.w.org\/{rel}","templated":true}]}}