{"id":13955,"date":"2026-04-16T17:42:44","date_gmt":"2026-04-16T17:42:44","guid":{"rendered":"https:\/\/www.newsrecorder.ro\/app\/2026\/04\/16\/zelenski-olanda-sustine-reforma-energetica-in-ucraina\/"},"modified":"2026-04-16T17:42:44","modified_gmt":"2026-04-16T17:42:44","slug":"zelenski-olanda-sustine-reforma-energetica-in-ucraina","status":"publish","type":"post","link":"https:\/\/www.newsrecorder.ro\/app\/2026\/04\/16\/zelenski-olanda-sustine-reforma-energetica-in-ucraina\/","title":{"rendered":"Zelenski: Olanda sus\u021bine reforma energetic\u0103 \u00een Ucraina!"},"content":{"rendered":"<p>Pre\u0219edintele Ucrainei, Volodimir Zelenski, a anun\u021bat recent c\u0103 a fost elaborat un proiect de document ce vizeaz\u0103 sprijinul Olandei \u00een descentralizarea sistemului energetic al Ucrainei. Aceast\u0103 declara\u021bie a fost f\u0103cut\u0103 \u00een cadrul unei conferin\u021be de pres\u0103 desf\u0103\u0219urate la Middelburg, \u00een timpul vizitei sale oficiale \u00een Olanda, conform informa\u021biilor furnizate de agen\u021bia Ukrinform.<\/p>\n<p>Zelenski a subliniat importan\u021ba colabor\u0103rii cu Olanda, men\u021bion\u00e2nd: \u201eApreciem sprijinul dumneavoastr\u0103 pentru sectorul nostru energetic. Am convenit s\u0103 lucr\u0103m \u00eempreun\u0103 pentru a proteja \u0219i dezvolta \u00een continuare sistemul nostru energetic, \u00een special \u00een ceea ce prive\u0219te energia descentralizat\u0103. Exist\u0103 deja un proiect ini\u021bial al unui document comun care va ghida ac\u021biunile noastre. V\u0103 mul\u021bumim pentru acest nivel de rela\u021bii \u0219i sper\u0103m s\u0103 extindem \u0219i mai mult aceast\u0103 cooperare.\u201d<\/p>\n<p>Pre\u0219edintele Ucrainei a adus \u00een discu\u021bie \u0219i rolul Olandei ca unul dintre cei mai puternici sus\u021bin\u0103tori ai Ucrainei pe plan financiar \u0219i politic. \u201eOlanda a fost mereu un partener de \u00eencredere, oferindu-ne asisten\u021b\u0103 semnificativ\u0103 \u00een domeniul ap\u0103r\u0103rii aeriene \u0219i \u00een alte necesit\u0103\u021bi, de la avia\u021bia de lupt\u0103 p\u00e2n\u0103 la suportul politic \u0219i financiar esen\u021bial. Apreciem \u00een mod special asisten\u021ba anual\u0103 constant\u0103 pe care Olanda o acord\u0103 \u021b\u0103rii noastre \u0219i solidaritatea sa\u201d, a ad\u0103ugat Zelenski.<\/p>\n<p>\u00cen cadrul acestei vizite, pre\u0219edintele Zelenski a avut deja \u00eent\u00e2lniri cu regele Willem-Alexander \u0219i cu prim-ministrul Rob Jetten, consolid\u00e2nd astfel rela\u021biile bilaterale dintre cele dou\u0103 \u021b\u0103ri.<\/p>\n","protected":false},"excerpt":{"rendered":"<p>Pre\u0219edintele Ucrainei, Volodimir Zelenski, a anun\u021bat recent c\u0103 a fost elaborat un proiect de document ce vizeaz\u0103 sprijinul Olandei \u00een descentralizarea sistemului energetic al Ucrainei. Aceast\u0103 declara\u021bie a fost f\u0103cut\u0103 \u00een cadrul unei conferin\u021be de pres\u0103 desf\u0103\u0219urate la Middelburg, \u00een timpul vizitei sale oficiale \u00een Olanda, conform informa\u021biilor furnizate de agen\u021bia Ukrinform. Zelenski a subliniat [&hellip;]<\/p>\n","protected":false},"author":2,"featured_media":13956,"comment_status":"open","ping_status":"open","sticky":false,"template":"","format":"standard","meta":{"jnews-multi-image_gallery":[],"jnews_single_post":[],"jnews_primary_category":[],"jnews_override_counter":[],"footnotes":""},"categories":[41],"tags":[678,659,6016,1014,4605,2586,682,1030],"class_list":["post-13955","post","type-post","status-publish","format-standard","has-post-thumbnail","hentry","category-externe","tag-conferinta-de-presa","tag-cooperare","tag-descentralizare","tag-olanda","tag-sistem-energetic","tag-sprijin","tag-ucraina","tag-zelenski"],"_links":{"self":[{"href":"https:\/\/www.newsrecorder.ro\/app\/wp-json\/wp\/v2\/posts\/13955","targetHints":{"allow":["GET"]}}],"collection":[{"href":"https:\/\/www.newsrecorder.ro\/app\/wp-json\/wp\/v2\/posts"}],"about":[{"href":"https:\/\/www.newsrecorder.ro\/app\/wp-json\/wp\/v2\/types\/post"}],"author":[{"embeddable":true,"href":"https:\/\/www.newsrecorder.ro\/app\/wp-json\/wp\/v2\/users\/2"}],"replies":[{"embeddable":true,"href":"https:\/\/www.newsrecorder.ro\/app\/wp-json\/wp\/v2\/comments?post=13955"}],"version-history":[{"count":0,"href":"https:\/\/www.newsrecorder.ro\/app\/wp-json\/wp\/v2\/posts\/13955\/revisions"}],"wp:featuredmedia":[{"embeddable":true,"href":"https:\/\/www.newsrecorder.ro\/app\/wp-json\/wp\/v2\/media\/13956"}],"wp:attachment":[{"href":"https:\/\/www.newsrecorder.ro\/app\/wp-json\/wp\/v2\/media?parent=13955"}],"wp:term":[{"taxonomy":"category","embeddable":true,"href":"https:\/\/www.newsrecorder.ro\/app\/wp-json\/wp\/v2\/categories?post=13955"},{"taxonomy":"post_tag","embeddable":true,"href":"https:\/\/www.newsrecorder.ro\/app\/wp-json\/wp\/v2\/tags?post=13955"}],"curies":[{"name":"wp","href":"https:\/\/api.w.org\/{rel}","templated":true}]}}