{"id":13965,"date":"2026-04-16T17:44:24","date_gmt":"2026-04-16T17:44:24","guid":{"rendered":"https:\/\/www.newsrecorder.ro\/app\/2026\/04\/16\/trump-propune-armistitiu-de-10-zile-intre-israel-si-liban\/"},"modified":"2026-04-16T17:44:24","modified_gmt":"2026-04-16T17:44:24","slug":"trump-propune-armistitiu-de-10-zile-intre-israel-si-liban","status":"publish","type":"post","link":"https:\/\/www.newsrecorder.ro\/app\/2026\/04\/16\/trump-propune-armistitiu-de-10-zile-intre-israel-si-liban\/","title":{"rendered":"Trump propune armisti\u021biu de 10 zile \u00eentre Israel \u0219i Liban!"},"content":{"rendered":"<p><strong>UPDATE.<\/strong> Donald Trump a f\u0103cut un anun\u021b important: va invita la Casa Alb\u0103 liderii din Israel \u0219i Liban pentru discu\u021bii cruciale.<\/p>\n<p>\u201e\u00cei voi invita la Casa Alb\u0103 pe prim-ministrul israelian, Bibi Netanyahu, \u0219i pe pre\u0219edintele Libanului, Joseph Aoun, pentru primele negocieri semnificative dintre Israel \u0219i Liban din 1983. Ambele p\u0103r\u021bi \u00ee\u0219i doresc pace, iar eu cred c\u0103 acest lucru se va \u00eent\u00e2mpla rapid\u201d, a scris Trump pe platforma sa Truth Social.<\/p>\n<p><strong>UPDATE.<\/strong> <strong><a href=\"https:\/\/www.haaretz.com\/israel-news\/israel-security\/2026-04-16\/ty-article-live\/report-lebanese-officials-say-cease-fire-with-israel-expected-soon\/0000019d-9419-df26-a1bf-b5dbfb980000?liveBlogItemId=150824435\" data-testid=\"liveblog-item-title-link\">Netanyahu a convocat cabinetul de securitate pentru o discu\u021bie urgent\u0103 despre armisti\u021biul \u00een Liban.<\/a><\/strong><\/p>\n<p><strong>UPDATE. <a href=\"https:\/\/www.haaretz.com\/israel-news\/israel-security\/2026-04-16\/ty-article-live\/report-lebanese-officials-say-cease-fire-with-israel-expected-soon\/0000019d-9419-df26-a1bf-b5dbfb980000?liveBlogItemId=1672140843#1672140843\" data-testid=\"liveblog-item-title-link\">Trump a anun\u021bat c\u0103 armisti\u021biul de 10 zile dintre Israel \u0219i Liban va \u00eencepe \u00een cinci ore.<\/a><\/strong><\/p>\n<p><strong>Pre\u0219edintele american Donald Trump a declarat c\u0103 armisti\u021biul \u00een Liban va intra \u00een vigoare la ora 17:00 EST (miezul nop\u021bii \u00een Israel \u0219i Liban), dup\u0103 ce a avut discu\u021bii cu liderii celor dou\u0103 \u021b\u0103ri.<\/strong><\/p>\n<p>\u201eTocmai am avut conversa\u021bii excelente cu pre\u0219edintele Joseph Aoun al Libanului \u0219i cu prim-ministrul Bibi Netanyahu al Israelului. Cei doi lideri au convenit c\u0103, pentru a realiza PACE \u00eentre \u021b\u0103rile lor, <strong>vor \u00eencepe oficial un \u00ceNCETARE a FOCULUI de 10 zile la ora 17:00 EST.<\/strong><\/p>\n<p>Mar\u021bi, aceste dou\u0103 \u021b\u0103ri s-au \u00eent\u00e2lnit pentru prima dat\u0103 \u00een 34 de ani, aici la Washington, DC, cu Marele nostru Secretar de Stat, Marco Rubio. I-am delegat vicepre\u0219edintelui JD Vance \u0219i secretarului de stat Rubio, \u00eempreun\u0103 cu pre\u0219edintele Statului Major Interarme, Dan Razin\u2019 Caine, s\u0103 colaboreze cu Israelul \u0219i Libanul pentru a realiza o PACE durabil\u0103.<\/p>\n<p>A fost o onoare pentru mine s\u0103 rezolv 9 conflicte \u00een \u00eentreaga lume, iar acesta va fi al zecelea. Haide\u021bi s\u0103 FINALIZ\u0102M!\u201d, a declarat Trump.<\/p>\n<p><strong><a style=\"color: #0000ff\" href=\"https:\/\/www.mediafax.ro\/externe\/teheranul-cere-armistitiu-si-in-liban-in-cadrul-noilor-negocieri-sua-iran-pakistan-nu-a-fost-stabilita-inca-o-data-pentru-discutii-23721187\">UPDATE.<\/a><\/strong> <strong><a href=\"https:\/\/aje.news\/060cxq?update=4497736\">Pre\u0219edintele Libanului i-a mul\u021bumit lui Trump pentru eforturile de a ob\u021bine un armisti\u021biu.<\/a><\/strong><\/p>\n<p>Pre\u0219edintele Libanului, Joseph Aoun, \u0219i-a exprimat recuno\u0219tin\u021ba fa\u021b\u0103 de pre\u0219edintele SUA pentru ini\u021biativele sale menite s\u0103 \u201easigure o pace \u0219i o stabilitate durabile\u201d, conform biroului s\u0103u de pres\u0103, dup\u0103 o convorbire telefonic\u0103 \u00eentre cei doi lideri.<\/p>\n<p>\u201eEl a subliniat importan\u021ba continu\u0103rii acestor eforturi pentru a opri incendiul c\u00e2t mai cur\u00e2nd posibil\u201d, se men\u021bioneaz\u0103 \u00een comunicat.<\/p>\n<p>\u201eTrump a r\u0103spuns afirmativ, reafirm\u00e2ndu-\u0219i sprijinul pentru pre\u0219edintele Aoun \u0219i Liban, eviden\u021biind angajamentul s\u0103u de a r\u0103spunde cererii libaneze pentru o \u00eencetare a focului c\u00e2t mai rapid\u201d, a ad\u0103ugat comunicatul.<\/p>\n<p><strong>\u201eAst\u0103zi dup\u0103-amiaz\u0103, a avut loc o convorbire telefonic\u0103 \u00eentre pre\u0219edintele SUA, Donald Trump, \u0219i pre\u0219edintele Libanului, Joseph Aoun. Pre\u0219edintele Aoun \u0219i-a re\u00eennoit recuno\u0219tin\u021ba pentru eforturile lui Trump de a ob\u021bine un armisti\u021biu \u00een Liban \u0219i de a asigura o pace \u0219i o stabilitate durabil\u0103, preg\u0103tind terenul pentru un proces de pace \u00een regiune. El a exprimat speran\u021ba c\u0103 aceste eforturi vor continua pentru a opri incendiul c\u00e2t mai cur\u00e2nd posibil. Trump a r\u0103spuns subliniind sprijinul s\u0103u pentru pre\u0219edintele Aoun \u0219i Liban, reafirm\u00e2nd angajamentul s\u0103u de a satisface cererea libanezilor pentru un armisti\u021biu c\u00e2t mai cur\u00e2nd posibil.\u201d<\/strong><\/p>\n<p><strong><a style=\"color: #0000ff\" href=\"https:\/\/www.mediafax.ro\/externe\/teheranul-cere-armistitiu-si-in-liban-in-cadrul-noilor-negocieri-sua-iran-pakistan-nu-a-fost-stabilita-inca-o-data-pentru-discutii-23721187\">\u0218tirea ini\u021bial\u0103:<\/a><\/strong> Toat\u0103 presa arab\u0103 anun\u021b\u0103, dup\u0103 convorbirea dintre Trump \u0219i pre\u0219edintele Libanului, c\u0103 o decizie referitoare la \u00eencetarea focului va fi anun\u021bat\u0103 \u00een c\u00e2teva ore, cu o or\u0103 estimat\u0103 de 19:00.<\/p>\n<p>Haaretz a raportat c\u0103 <strong><a style=\"color: #0000ff\" href=\"https:\/\/www.haaretz.com\/middle-east-news\/iran\/2026-04-16\/ty-article\/trump-says-israeli-lebanese-leaders-to-talk-thursday\/0000019d-94d2-da7e-a19f-9dff59950000\">armisti\u021biul dintre Israel \u0219i Hezbollah va \u00eencepe \u00een c\u00e2teva ore.<\/a><\/strong><\/p>\n<p>Armata israelian\u0103 se preg\u0103te\u0219te pentru acest armisti\u021biu, care urmeaz\u0103 s\u0103 \u00eenceap\u0103 la ora 19:00, ora local\u0103, conform oficialilor IDF, \u00een contextul \u00een care o convorbire telefonic\u0103 \u00eentre Israel \u0219i liderii libanezi urma s\u0103 aib\u0103 loc joi seara, dup\u0103 mai bine de \u0219ase s\u0103pt\u0103m\u00e2ni de conflict \u00eentre Israel \u0219i gruparea militant\u0103 libanez\u0103 Hezbollah.<\/p>\n<p>Biroul de pres\u0103 al pre\u0219edin\u021biei libaneze a anun\u021bat c\u0103 pre\u0219edintele Trump a discutat telefonic cu pre\u0219edintele Joseph Aoun. \u201ePre\u0219edintele Aoun \u0219i-a re\u00eennoit recuno\u0219tin\u021ba pentru eforturile depuse de Trump \u00een vederea ob\u021binerii unui armisti\u021biu \u00een Liban \u0219i asigur\u0103rii unei p\u0103ci durabile, care s\u0103 deschid\u0103 calea pentru un proces de pace \u00een regiune\u201d, se precizeaz\u0103 \u00een declara\u021bie.<\/p>\n<p>\u201eEl a exprimat dorin\u021ba de a continua aceste eforturi pentru a opri focul c\u00e2t mai cur\u00e2nd posibil. Trump a r\u0103spuns reafirm\u00e2ndu-\u0219i sprijinul pentru pre\u0219edintele Aoun \u0219i Liban, subliniind angajamentul s\u0103u de a r\u0103spunde cererii libanezilor pentru o \u00eencetare a focului c\u00e2t mai rapid\u201d, se adaug\u0103 \u00een comunicat.<\/p>\n<p>Joi, Al Araby a relatat c\u0103 Trump l-a informat pe Aoun c\u0103 un armisti\u021biu va fi implementat \u00een c\u00e2teva ore.<\/p>\n<p>Ministerul S\u0103n\u0103t\u0103\u021bii din Liban a raportat c\u0103 atacurile israeliene au dus la moartea a 29 de persoane \u00een ultimele 24 de ore \u0219i au r\u0103nit alte 124. De la \u00eenceputul conflictului pe 2 martie, num\u0103rul total al mor\u021bilor \u00een urma atacurilor israeliene a ajuns la 2.196, cu alte 7.185 de persoane r\u0103nite.<\/p>\n<p>Atacurile au dus, de asemenea, la moartea unui paramedic \u0219i au r\u0103nit al\u021bi doi, conform ministerului, totaliz\u00e2nd 93 de medici uci\u0219i de la 2 martie.<\/p>\n","protected":false},"excerpt":{"rendered":"<p>UPDATE. Donald Trump a f\u0103cut un anun\u021b important: va invita la Casa Alb\u0103 liderii din Israel \u0219i Liban pentru discu\u021bii cruciale. \u201e\u00cei voi invita la Casa Alb\u0103 pe prim-ministrul israelian, Bibi Netanyahu, \u0219i pe pre\u0219edintele Libanului, Joseph Aoun, pentru primele negocieri semnificative dintre Israel \u0219i Liban din 1983. Ambele p\u0103r\u021bi \u00ee\u0219i doresc pace, iar eu [&hellip;]<\/p>\n","protected":false},"author":2,"featured_media":13966,"comment_status":"open","ping_status":"open","sticky":false,"template":"","format":"standard","meta":{"jnews-multi-image_gallery":[],"jnews_single_post":[],"jnews_primary_category":[],"jnews_override_counter":[],"footnotes":""},"categories":[41],"tags":[2209,16613,31,268,13002,2183,686,807],"class_list":["post-13965","post","type-post","status-publish","format-standard","has-post-thumbnail","hentry","category-externe","tag-armistitiu","tag-bibi-netanyahu","tag-jnews_demo_donald-trump","tag-israel","tag-joseph-aoun","tag-liban","tag-negocieri","tag-pace"],"_links":{"self":[{"href":"https:\/\/www.newsrecorder.ro\/app\/wp-json\/wp\/v2\/posts\/13965","targetHints":{"allow":["GET"]}}],"collection":[{"href":"https:\/\/www.newsrecorder.ro\/app\/wp-json\/wp\/v2\/posts"}],"about":[{"href":"https:\/\/www.newsrecorder.ro\/app\/wp-json\/wp\/v2\/types\/post"}],"author":[{"embeddable":true,"href":"https:\/\/www.newsrecorder.ro\/app\/wp-json\/wp\/v2\/users\/2"}],"replies":[{"embeddable":true,"href":"https:\/\/www.newsrecorder.ro\/app\/wp-json\/wp\/v2\/comments?post=13965"}],"version-history":[{"count":0,"href":"https:\/\/www.newsrecorder.ro\/app\/wp-json\/wp\/v2\/posts\/13965\/revisions"}],"wp:featuredmedia":[{"embeddable":true,"href":"https:\/\/www.newsrecorder.ro\/app\/wp-json\/wp\/v2\/media\/13966"}],"wp:attachment":[{"href":"https:\/\/www.newsrecorder.ro\/app\/wp-json\/wp\/v2\/media?parent=13965"}],"wp:term":[{"taxonomy":"category","embeddable":true,"href":"https:\/\/www.newsrecorder.ro\/app\/wp-json\/wp\/v2\/categories?post=13965"},{"taxonomy":"post_tag","embeddable":true,"href":"https:\/\/www.newsrecorder.ro\/app\/wp-json\/wp\/v2\/tags?post=13965"}],"curies":[{"name":"wp","href":"https:\/\/api.w.org\/{rel}","templated":true}]}}