{"id":13991,"date":"2026-04-16T22:42:05","date_gmt":"2026-04-16T22:42:05","guid":{"rendered":"https:\/\/www.newsrecorder.ro\/app\/2026\/04\/16\/jaful-de-la-drents-al-doilea-coif-din-tezaurul-getic-descoperit\/"},"modified":"2026-04-16T22:42:05","modified_gmt":"2026-04-16T22:42:05","slug":"jaful-de-la-drents-al-doilea-coif-din-tezaurul-getic-descoperit","status":"publish","type":"post","link":"https:\/\/www.newsrecorder.ro\/app\/2026\/04\/16\/jaful-de-la-drents-al-doilea-coif-din-tezaurul-getic-descoperit\/","title":{"rendered":"Jaful de la Drents: Al doilea coif din Tezaurul Getic descoperit!"},"content":{"rendered":"<p>Incidentul de la Muzeul Drents, petrecut anul trecut, ar fi putut avea urm\u0103ri \u0219i mai devastatoare, deoarece ho\u021bii au avut \u00een vedere un alt obiect de mare valoare: un coif din Tezaurul Princiar Getic de la Cucuteni-B\u0103iceni, evaluat la impresionanta sum\u0103 de 3,2 milioane de euro.<\/p>\n<p>Din fericire, vitrina \u00een care acesta era expus a fost bine securizat\u0103, iar cele \u0219apte lovituri de baros aplicate de c\u0103tre infractori nu au reu\u0219it s\u0103 o sparg\u0103, \u00een ciuda pagubelor semnificative cauzate. Conform documentelor oficiale din dosar, vitrina a rezistat atacului, iar detalii publicate de <a href=\"https:\/\/www.rtvdrenthe.nl\/nieuws\/18362265\/ook-tweede-gouden-helm-van-3-2-miljoen-euro-was-doelwit-van-kunstroof\">rtvdrenthe.nl<\/a> confirm\u0103 cele \u0219apte lovituri primite.<\/p>\n<p>\u00cen cadrul acestui jaf, care a durat mai pu\u021bin de un minut, atacatorii au reu\u0219it totu\u0219i s\u0103 sustrag\u0103 alte obiecte extrem de valoroase, inclusiv <a style=\"color: #0000ff\" href=\"https:\/\/www.mediafax.ro\/cultura-media\/ziua-2-in-procesul-jafului-tezaurului-dacic-pledoariile-avocatilor-elefantul-din-camera-unde-e-a-treia-bratara-23721062\">coiful de aur de la Co\u021bofene\u0219ti<\/a>, considerat piesa de baz\u0103 a expozi\u021biei, precum \u0219i trei br\u0103\u021b\u0103ri din aur.<\/p>\n<p>Dup\u0103 incident, coiful de la Co\u021bofene\u0219ti \u0219i dou\u0103 dintre cele trei br\u0103\u021b\u0103ri au fost recuperate gra\u021bie unei \u00een\u021belegeri \u00eentre Parchet \u0219i doi dintre suspec\u021bi.<\/p>\n<p>\u00cen ceea ce prive\u0219te pedepsele, pentru cei doi inculpa\u021bi care au acceptat acordul cu procurorii, a fost solicitat\u0103 o sentin\u021b\u0103 de trei ani \u0219i opt luni de \u00eenchisoare. \u00cen contrast, pentru al treilea suspect, care nu a ajuns la o \u00een\u021belegere \u0219i \u00ee\u0219i sus\u021bine nevinov\u0103\u021bia, procurorii cer o pedeaps\u0103 mai sever\u0103, de 5,5 ani de deten\u021bie.<\/p>\n<p>Coiful de la Cucuteni-B\u0103iceni, \u021binta tentativei de furt nereu\u0219ite, este cunoscut ca unul dintre cele mai rare artefacte din Rom\u00e2nia. \u00cempreun\u0103 cu coiful de la Co\u021bofene\u0219ti, acesta este singurul realizat complet din aur.<\/p>\n<p>Descoperit \u00een 1959 \u0219i dat\u00e2nd din secolul al V-lea \u00ee.Hr., coiful de la Cucuteni-B\u0103iceni este mai vechi dec\u00e2t cel de la Co\u021bofene\u0219ti, care provine din secolul urm\u0103tor. De asemenea, acesta are \u0219i dimensiuni mai mari, m\u0103sur\u00e2nd 34,5 centimetri \u00een\u0103l\u021bime \u0219i c\u00e2nt\u0103rind aproximativ 500 de grame, comparativ cu dimensiunile mai reduse ale piesei deja furate.<\/p>\n<p>De\u0219i mai pu\u021bin cunoscut publicului, coiful de la Cucuteni-B\u0103iceni este recunoscut ca o pies\u0103 de o valoare excep\u021bional\u0103. Pe de alt\u0103 parte, coiful de la Co\u021bofene\u0219ti este adesea comparat cu \u201eRondul de noapte\u201d al Rom\u00e2niei, fiind una dintre cele mai reprezentative opere ale patrimoniului na\u021bional.<\/p>\n<p>Procesul \u00eempotriva celor trei suspec\u021bi continu\u0103, instan\u021ba fiind preg\u0103tit\u0103 s\u0103 audieze pledoariile ap\u0103r\u0103rii. Avoca\u021bii celor doi inculpa\u021bi care au \u00eencheiat acorduri cu Parchetul au anun\u021bat interven\u021bii scurte, \u00een timp ce ap\u0103rarea celui de-al treilea suspect ar putea necesita mai mult timp pentru a-\u0219i sus\u021bine argumentele.<\/p>\n<p>Audierea este planificat\u0103 pentru ziua de vineri, \u00eens\u0103 exist\u0103 \u0219anse ca dezbaterile s\u0103 se finalizeze mai devreme.<\/p>\n","protected":false},"excerpt":{"rendered":"<p>Incidentul de la Muzeul Drents, petrecut anul trecut, ar fi putut avea urm\u0103ri \u0219i mai devastatoare, deoarece ho\u021bii au avut \u00een vedere un alt obiect de mare valoare: un coif din Tezaurul Princiar Getic de la Cucuteni-B\u0103iceni, evaluat la impresionanta sum\u0103 de 3,2 milioane de euro. Din fericire, vitrina \u00een care acesta era expus a [&hellip;]<\/p>\n","protected":false},"author":7,"featured_media":13992,"comment_status":"open","ping_status":"open","sticky":false,"template":"","format":"standard","meta":{"jnews-multi-image_gallery":[],"jnews_single_post":[],"jnews_primary_category":[],"jnews_override_counter":[],"footnotes":""},"categories":[43],"tags":[15354,14544,16644,14548,1008,16645,874,4256],"class_list":["post-13991","post","type-post","status-publish","format-standard","has-post-thumbnail","hentry","category-cultura","tag-atacatori","tag-coif","tag-cucuteni-baiceni","tag-jaf","tag-muzeul-drents","tag-obiecte-valoroase","tag-securitate","tag-tezaur"],"_links":{"self":[{"href":"https:\/\/www.newsrecorder.ro\/app\/wp-json\/wp\/v2\/posts\/13991","targetHints":{"allow":["GET"]}}],"collection":[{"href":"https:\/\/www.newsrecorder.ro\/app\/wp-json\/wp\/v2\/posts"}],"about":[{"href":"https:\/\/www.newsrecorder.ro\/app\/wp-json\/wp\/v2\/types\/post"}],"author":[{"embeddable":true,"href":"https:\/\/www.newsrecorder.ro\/app\/wp-json\/wp\/v2\/users\/7"}],"replies":[{"embeddable":true,"href":"https:\/\/www.newsrecorder.ro\/app\/wp-json\/wp\/v2\/comments?post=13991"}],"version-history":[{"count":0,"href":"https:\/\/www.newsrecorder.ro\/app\/wp-json\/wp\/v2\/posts\/13991\/revisions"}],"wp:featuredmedia":[{"embeddable":true,"href":"https:\/\/www.newsrecorder.ro\/app\/wp-json\/wp\/v2\/media\/13992"}],"wp:attachment":[{"href":"https:\/\/www.newsrecorder.ro\/app\/wp-json\/wp\/v2\/media?parent=13991"}],"wp:term":[{"taxonomy":"category","embeddable":true,"href":"https:\/\/www.newsrecorder.ro\/app\/wp-json\/wp\/v2\/categories?post=13991"},{"taxonomy":"post_tag","embeddable":true,"href":"https:\/\/www.newsrecorder.ro\/app\/wp-json\/wp\/v2\/tags?post=13991"}],"curies":[{"name":"wp","href":"https:\/\/api.w.org\/{rel}","templated":true}]}}