{"id":13995,"date":"2026-04-16T22:42:42","date_gmt":"2026-04-16T22:42:42","guid":{"rendered":"https:\/\/www.newsrecorder.ro\/app\/2026\/04\/16\/calin-georgescu-propune-un-guvern-de-reconciliere-nationala-pentru-romania\/"},"modified":"2026-04-16T22:42:42","modified_gmt":"2026-04-16T22:42:42","slug":"calin-georgescu-propune-un-guvern-de-reconciliere-nationala-pentru-romania","status":"publish","type":"post","link":"https:\/\/www.newsrecorder.ro\/app\/2026\/04\/16\/calin-georgescu-propune-un-guvern-de-reconciliere-nationala-pentru-romania\/","title":{"rendered":"C\u0103lin Georgescu propune un guvern de reconciliere na\u021bional\u0103 pentru Rom\u00e2nia!"},"content":{"rendered":"<p>\u00centr-o perioad\u0103 de criz\u0103 profund\u0103, C\u0103lin Georgescu subliniaz\u0103 importan\u021ba respect\u0103rii votului suveran al poporului rom\u00e2n \u00een procesul decizional politic, conform informa\u021biilor prezentate de <a href=\"https:\/\/www.gandul.ro\/politica\/calin-georgescu-propune-un-guvern-de-reconciliere-nationala-format-din-psd-aur-si-pnl-20863242\" target=\"_blank\" rel=\"noopener\">G\u00e2ndul<\/a>.<\/p>\n<p>\u201eEste esen\u021bial ca, \u00een situa\u021bii dificile, s\u0103 se aib\u0103 \u00een vedere votul suveran al cet\u0103\u021benilor. Aceasta este voin\u021ba poporului \u0219i trebuie s\u0103 fie prioritar\u0103, nu altceva, a\u0219a cum se \u00eent\u00e2mpl\u0103 \u00een prezent,\u201d a declarat Georgescu.<\/p>\n<p>El consider\u0103 c\u0103 disensiunile dintre PNL \u0219i PSD sunt generate de lipsa unor solu\u021bii economice eficiente, men\u021bion\u00e2nd c\u0103 dificult\u0103\u021bile economice au un impact direct asupra vie\u021bii cet\u0103\u021benilor. \u201ePartidele se fisureaz\u0103 atunci c\u00e2nd nu reu\u0219esc s\u0103 ofere solu\u021bii economice viabile. R\u0103d\u0103cina conflictului dintre PNL \u0219i PSD provine din problemele economice: oamenii se confrunt\u0103 cu dificult\u0103\u021bi pentru c\u0103 economia nu func\u021bioneaz\u0103,\u201d a afirmat fostul candidat.<\/p>\n<p>Georgescu a ad\u0103ugat c\u0103 Rom\u00e2nia se afl\u0103 \u00een fa\u021ba uneia dintre cele mai complicate perioade economice \u0219i a subliniat necesitatea urgent\u0103 a unui guvern de reconciliere na\u021bional\u0103. \u201eEste nevoie, \u00een cel mai scurt timp, de un executiv care s\u0103 promoveze reconcilierea na\u021bional\u0103,\u201d a spus el.<\/p>\n<p>Potrivit lui Georgescu, primele trei partide care au ob\u021binut un num\u0103r semnificativ de voturi ar trebui s\u0103 \u00ee\u0219i asume responsabilitatea pentru refacerea economic\u0103 \u0219i moral\u0103 a \u021b\u0103rii. \u201eRom\u00e2nia are nevoie de un Guvern de Reconciliere Na\u021bional\u0103. Aceasta \u00eenseamn\u0103 c\u0103 cele trei partide votate de popor trebuie s\u0103 participe activ la reconstruc\u021bia economic\u0103 \u0219i moral\u0103 a \u021b\u0103rii. PSD este cel mai mare partid, AUR este un partid t\u00e2n\u0103r, care nu a fost la guvernare, iar PNL se afl\u0103 pe locul trei,\u201d a explicat el.<\/p>\n<p>C\u00e2nd a fost \u00eentrebat dac\u0103 sus\u021bine o alian\u021b\u0103 \u00eentre PSD, AUR \u0219i PNL, Georgescu a r\u0103spuns c\u0103, \u00een contextul unei crize majore, este important s\u0103 se dep\u0103\u0219easc\u0103 disputele legate de trecut \u0219i acuza\u021biile de tr\u0103dare, concentr\u00e2ndu-se pe cooperare \u0219i diploma\u021bie. \u201eSuntem \u00eentr-un moment extrem de critic. Ne confrunt\u0103m cu un t\u0103v\u0103lug interna\u021bional care nu este doar rezultatul politicii interne. Dac\u0103 nu ac\u021bion\u0103m cu aten\u021bie, \u021b\u0103ri \u0219i popoare ar putea disp\u0103rea. Trebuie s\u0103 ne \u00eendrept\u0103m spre viitor, sus\u021binu\u021bi de diploma\u021bie,\u201d a concluzionat fostul candidat la preziden\u021biale.<\/p>\n","protected":false},"excerpt":{"rendered":"<p>\u00centr-o perioad\u0103 de criz\u0103 profund\u0103, C\u0103lin Georgescu subliniaz\u0103 importan\u021ba respect\u0103rii votului suveran al poporului rom\u00e2n \u00een procesul decizional politic, conform informa\u021biilor prezentate de G\u00e2ndul. \u201eEste esen\u021bial ca, \u00een situa\u021bii dificile, s\u0103 se aib\u0103 \u00een vedere votul suveran al cet\u0103\u021benilor. Aceasta este voin\u021ba poporului \u0219i trebuie s\u0103 fie prioritar\u0103, nu altceva, a\u0219a cum se \u00eent\u00e2mpl\u0103 \u00een [&hellip;]<\/p>\n","protected":false},"author":2,"featured_media":13996,"comment_status":"open","ping_status":"open","sticky":false,"template":"","format":"standard","meta":{"jnews-multi-image_gallery":[],"jnews_single_post":[],"jnews_primary_category":[],"jnews_override_counter":[],"footnotes":""},"categories":[42],"tags":[2618,2403,5407,627,300,6554,7320,16649],"class_list":["post-13995","post","type-post","status-publish","format-standard","has-post-thumbnail","hentry","category-politica","tag-calin-georgescu","tag-criza","tag-dificultati-economice","tag-pnl","tag-psd","tag-solutii-economice","tag-vointa-poporului","tag-vot-suveran"],"_links":{"self":[{"href":"https:\/\/www.newsrecorder.ro\/app\/wp-json\/wp\/v2\/posts\/13995","targetHints":{"allow":["GET"]}}],"collection":[{"href":"https:\/\/www.newsrecorder.ro\/app\/wp-json\/wp\/v2\/posts"}],"about":[{"href":"https:\/\/www.newsrecorder.ro\/app\/wp-json\/wp\/v2\/types\/post"}],"author":[{"embeddable":true,"href":"https:\/\/www.newsrecorder.ro\/app\/wp-json\/wp\/v2\/users\/2"}],"replies":[{"embeddable":true,"href":"https:\/\/www.newsrecorder.ro\/app\/wp-json\/wp\/v2\/comments?post=13995"}],"version-history":[{"count":0,"href":"https:\/\/www.newsrecorder.ro\/app\/wp-json\/wp\/v2\/posts\/13995\/revisions"}],"wp:featuredmedia":[{"embeddable":true,"href":"https:\/\/www.newsrecorder.ro\/app\/wp-json\/wp\/v2\/media\/13996"}],"wp:attachment":[{"href":"https:\/\/www.newsrecorder.ro\/app\/wp-json\/wp\/v2\/media?parent=13995"}],"wp:term":[{"taxonomy":"category","embeddable":true,"href":"https:\/\/www.newsrecorder.ro\/app\/wp-json\/wp\/v2\/categories?post=13995"},{"taxonomy":"post_tag","embeddable":true,"href":"https:\/\/www.newsrecorder.ro\/app\/wp-json\/wp\/v2\/tags?post=13995"}],"curies":[{"name":"wp","href":"https:\/\/api.w.org\/{rel}","templated":true}]}}