{"id":14051,"date":"2026-04-17T09:35:50","date_gmt":"2026-04-17T09:35:50","guid":{"rendered":"https:\/\/www.newsrecorder.ro\/app\/2026\/04\/17\/cristian-socol-romania-intre-criza-economica-si-nevoia-de-reforma-radicala\/"},"modified":"2026-04-17T09:35:50","modified_gmt":"2026-04-17T09:35:50","slug":"cristian-socol-romania-intre-criza-economica-si-nevoia-de-reforma-radicala","status":"publish","type":"post","link":"https:\/\/www.newsrecorder.ro\/app\/2026\/04\/17\/cristian-socol-romania-intre-criza-economica-si-nevoia-de-reforma-radicala\/","title":{"rendered":"Cristian Socol: Rom\u00e2nia, \u00eentre criza economic\u0103 \u0219i nevoia de reform\u0103 radical\u0103"},"content":{"rendered":"<p>\u00cen analiza de fa\u021b\u0103, voi explora evolu\u021biile alarmante ale principalilor indicatori economici care reflect\u0103 criza profund\u0103 \u00een care se afl\u0103 economia rom\u00e2neasc\u0103. Dinamica PIB-ului real, decalajul PIB, produc\u021bia industrial\u0103, lucr\u0103rile \u00een construc\u021bii \u0219i activitatea \u00een sectorul serviciilor sugereaz\u0103 o continuare a declinului economic \u0219i \u00een primul trimestru al acestui an.<\/p>\n<p>Perspectivele pentru urm\u0103toarele trimestre nu sunt deloc optimiste, date fiind sc\u0103derea drastic\u0103 a consumului, stagnarea investi\u021biilor private \u0219i o diminuare a investi\u021biilor publice comparativ cu anul trecut. \u00cencrederea \u00een economie a \u00eenregistrat o sc\u0103dere semnificativ\u0103, r\u0103m\u00e2n\u00e2nd la niveluri care sugereaz\u0103 o probabilitate crescut\u0103 de recesiune \u00een cursul acestui an.<\/p>\n<p>Este esen\u021bial ca viziunea economic\u0103 s\u0103 fie revizuit\u0103. Austeritatea sever\u0103 trebuie s\u0103 fie \u00eenlocuit\u0103 cu un plan ra\u021bional care s\u0103 vizeze reducerea cheltuielilor excesive \u0219i cre\u0219terea colect\u0103rii veniturilor bugetare, concomitent cu implementarea de m\u0103suri specifice pentru relansarea economic\u0103.<\/p>\n<p>Dup\u0103 cum am men\u021bionat \u00een analiza publicat\u0103 \u00een februarie pe platforma <a href=\"https:\/\/www.mediafax.ro\/economic\/cristian-socol-economia-romaniei-s-a-prabusit-suntem-in-recesiune-profunda-ce-sta-in-spatele-cifrelor-statistice-23686760\">mediafax.ro<\/a>, Rom\u00e2nia se confrunt\u0103 cu o recesiune economic\u0103 profund\u0103. Datele sugereaz\u0103 o &#8222;aterizare for\u021bat\u0103&#8221;, generat\u0103 de m\u0103suri de austeritate ineficiente \u0219i prost implementate, precum \u0219i de absen\u021ba unor m\u0103suri specifice de sprijin pentru sectoarele care genereaz\u0103 valoare ad\u0103ugat\u0103.<\/p>\n<p>Consumul a sc\u0103zut semnificativ, investi\u021biile private sunt stagnante, iar investi\u021biile publice sunt mai mici fa\u021b\u0103 de aceea\u0219i perioad\u0103 a anului trecut, conform execu\u021biei bugetare din primele dou\u0103 luni. De asemenea, exporturile nu reu\u0219esc s\u0103 serveasc\u0103 drept o supap\u0103 eficient\u0103 de redresare.<\/p>\n<p>Reducerea deficitului bugetar este o necesitate, \u00eens\u0103 modalitatea \u00een care este realizat\u0103 este profund gre\u0219it\u0103. Expresia &#8222;Opera\u021bia a reu\u0219it, pacientul a murit&#8221; ilustreaz\u0103 perfect situa\u021bia actual\u0103 a economiei, unde austeritatea impus\u0103 asupra majorit\u0103\u021bii rom\u00e2nilor \u0219i a companiilor a devenit toxic\u0103. Aceasta afecteaz\u0103 grav poten\u021bialul economic, iar convergen\u021ba real\u0103 sufer\u0103, gener\u00e2nd tensiuni sociale \u0219i risc\u00e2nd apari\u021bia unor crize suprapuse \u2013 economic\u0103, social\u0103 \u0219i politic\u0103.<\/p>\n<p>Se \u00eemplinesc zece luni de la publicarea analizei pe <a style=\"color: #0000ff\" href=\"https:\/\/www.mediafax.ro\/economic\/analiza-10-lectii-din-experienta-tarilor-ue-in-ultimii-20-de-ani-cum-se-face-o-consolidare-fiscal-bugetara-23570001\">mediafax.ro<\/a>, care sublinia cele zece lec\u021bii ce ar trebui s\u0103 ghideze deciden\u021bii rom\u00e2ni \u00een procesul de consolidare fiscal-bugetar\u0103, \u00eenv\u0103\u021bate din experien\u021bele \u021b\u0103rilor Uniunii Europene din ultimele dou\u0103 decenii.<\/p>\n<p>Am detaliat cum trebuie realizat\u0103 o consolidare fiscal-bugetar\u0103 corect\u0103, cu un design adecvat, o secven\u021bialitate optim\u0103 \u0219i obiective clare, subliniind importan\u021ba lu\u0103rii unor decizii inteligente, echitabile \u0219i g\u00e2ndite \u00een acest context. Procesul de consolidare trebuie s\u0103 fie social echitabil, eficient din punct de vedere macroeconomic \u0219i s\u0103 contribuie la sustenabilitatea finan\u021belor pe termen lung.<\/p>\n<p>Rom\u00e2nia nu are nevoie de o consolidare fiscal-bugetar\u0103 strict contabil\u0103, ci de una care s\u0103 aib\u0103 o viziune macroeconomic\u0103. Ajustarea cheltuielilor ar trebui s\u0103 se realizeze prin analize de eficien\u021b\u0103, nu prin m\u0103suri de austeritate brut\u0103.<\/p>\n<p>Am subliniat c\u0103 o consolidare fiscal-bugetar\u0103 de succes trebuie s\u0103 fie gradual\u0103, s\u0103 asigure echitatea social\u0103 prin distribuirea just\u0103 a poverii, s\u0103 protejeze investi\u021biile publice productive \u0219i s\u0103 faciliteze implementarea reformelor structurale pentru a asigura sustenabilitate pe termen lung.<\/p>\n<p>Pentru a avea succes, consolidarea fiscal-bugetar\u0103 optim\u0103 necesit\u0103 un sprijin politic larg \u0219i o comunicare transparent\u0103, prin adoptarea unei combina\u021bii echilibrate de m\u0103suri favorabile cre\u0219terii economice.<\/p>\n<p>Din p\u0103cate, nu s-au realizat progrese semnificative, iar viziunea propus\u0103 a fost implementat\u0103 doar marginal.<\/p>\n<p>Ast\u0103zi, vedem rezultatele. Dintr-o criz\u0103 fiscal-bugetar\u0103 poten\u021bial rezolvabil\u0103, Rom\u00e2nia a ajuns \u00een pragul unei crize economice profunde, cu indicatori macroeconomici \u0219i sociali care sugereaz\u0103 o c\u0103dere a economiei \u00een 2026, pe fondul unei infla\u021bii cresc\u00e2nde \u0219i al unei rate a \u0219omajului \u00een urcare.<\/p>\n<p>Contextul geopolitic generat de r\u0103zboiul din Iran, \u00eempreun\u0103 cu consecin\u021bele economice \u0219i sociale asociate, agraveaz\u0103 \u0219i mai mult criza, ilustr\u00e2nd fenomenul de cauzalitate cumulativ\u0103 \u2013 \u0219ocuri externe care se suprapun peste dezechilibre interne.<\/p>\n<p>\u00cen plus, \u00een ultimii \u0219ase ani, regiunea Europei Centrale \u0219i de Est a fost afectat\u0103 de un \u0219oc extern persistent, \u00eencep\u00e2nd cu pandemie, continu\u00e2nd cu criza energetic\u0103 generat\u0103 de invazia Ucrainei de c\u0103tre Rusia \u0219i culmin\u00e2nd cu r\u0103zboiul din Orientul Mijlociu.<\/p>\n<p>La finele anului trecut, Rom\u00e2nia a \u00eenregistrat cea mai sever\u0103 sc\u0103dere economic\u0103 trimestrial\u0103 din cadrul Uniunii Europene. Activitatea economic\u0103 din Rom\u00e2nia sufer\u0103 acum un &#8222;declin semnificativ&#8221;, afect\u00e2nd toate sectoarele economiei, cu o recesiune profund\u0103, extins\u0103 \u0219i de lung\u0103 durat\u0103.<\/p>\n<p>Defini\u021bia \u0219i principiile recesiunii economice profunde, a\u0219a cum sunt folosite de National Bureau of Economic Research (NBER) din SUA, cea mai prestigioas\u0103 institu\u021bie \u00een analiza ciclurilor economice, se aplic\u0103 perfect situa\u021biei actuale din Rom\u00e2nia.<\/p>\n<p>Analiza principalilor indicatori economici valideaz\u0103 ipoteza unei recesiuni profunde:<\/p>\n<ol>\n<li>Evolu\u021bia <em>PIB-ului real trimestrial<\/em> arat\u0103 o sc\u0103dere accentuat\u0103 de 1,8% (revizuit de la 1,9%), fiind cea mai mare sc\u0103dere din perioada post-pandemie <em>(Infografic 1)<\/em>. Guvernul prognozeaz\u0103 o cre\u0219tere a PIB-ului real de 1% pentru \u00eentreg anul 2026, conform fundament\u0103rii bugetului de stat, \u00een concordan\u021b\u0103 cu prognoza OCDE \u0219i u\u0219or sub estim\u0103rile Comisiei Europene (+1,1%). Recent, at\u00e2t Banca Mondial\u0103 c\u00e2t \u0219i FMI au revizuit \u00een jos estim\u0103rile pentru economia rom\u00e2neasc\u0103, Banca Mondial\u0103 ajust\u00e2nd rata de cre\u0219tere a PIB-ului real de la 1,3% la 0,5%, iar FMI de la 1,4% la 0,7% pentru anul curent.<\/li>\n<\/ol>\n<p>Infografic 1<\/p>\n<\/p>\n<ol start=\"2\">\n<li>Un alt semnal grav pentru criza economic\u0103 este legat de <em>\u00eencrederea \u00een economie<\/em>, care se afl\u0103 la cel mai sc\u0103zut nivel din ultimele \u0219ase ani. Comisia European\u0103 \/ Eurostat raporteaz\u0103 c\u0103 indicele \u00eencrederii \u00een economie (ESI), care agreg\u0103 \u00eencrederea managerilor din principalele sectoare \u0219i a consumatorilor, a sc\u0103zut semnificativ \u00een a doua jum\u0103tate a anului 2025, fiind sub 95 de puncte \u00een ultimele zece luni, mult sub pragul de alert\u0103 de 100 de puncte, considerat un semnal de recesiune <em>(Infografic 2)<\/em>. Consiliul Fiscal estimeaz\u0103 de asemenea un risc ridicat de c\u0103dere economic\u0103 pe parcursul anului 2026.<\/li>\n<\/ol>\n<p>Infografic 2<\/p>\n<\/p>\n<ol start=\"3\">\n<li>Conform Raportului Macroeconomic de fundamentare a bugetului pe 2026, Rom\u00e2nia se afl\u0103 \u00eentr-un <em>decalaj (output gap) recesionist<\/em> cel pu\u021bin p\u00e2n\u0103 \u00een anul 2030, ceea ce \u00eenseamn\u0103 c\u0103 va produce mai pu\u021bin dec\u00e2t poten\u021bialul s\u0103u <em>(Infotabel 1)<\/em>. Nu se observ\u0103 \u00eembun\u0103t\u0103\u021biri semnificative ale modelului economic \u00een 2026 \u0219i 2027, contribu\u021bia productivit\u0103\u021bii totale a factorilor la cre\u0219terea PIB-ului poten\u021bial fiind negativ\u0103 \u0219i, respectiv, nul\u0103.<\/li>\n<\/ol>\n<p>Infotabel 1<\/p>\n<\/p>\n<ol start=\"4\">\n<li>Analiza <em>PIB dup\u0103 metoda valorii ad\u0103ugate brute<\/em> arat\u0103 subperforman\u021be severe \u00een industrie, agricultur\u0103, construc\u021bii \u0219i servicii \u00een primele luni ale acestui an. Produc\u021bia industrial\u0103 a sc\u0103zut cu 0,9% (serie brut\u0103) \u00een 2025 fa\u021b\u0103 de anul anterior, iar sectorul industriei prelucr\u0103toare a avut o evolu\u021bie negativ\u0103, cu o sc\u0103dere de 1,2%. Datele Eurostat pentru primele luni din 2026 indic\u0103 continuarea acestei tendin\u021be negative, Rom\u00e2nia fiind pe locul patru \u00een UE \u00een ceea ce prive\u0219te sc\u0103derea produc\u021biei industriale \u00een ianuarie 2026 fa\u021b\u0103 de aceea\u0219i lun\u0103 din anul anterior <em>(Infotabel 2)<\/em>. Comparativ cu februarie 2025, datele INS arat\u0103 o sc\u0103dere de 1,8% pe serie brut\u0103, cu o diminuare de 2,8% la industria prelucr\u0103toare.<\/li>\n<\/ol>\n<p>Infotabel 2<\/p>\n<\/p>\n<p>Sursa: Eurostat, 2026, <a href=\"https:\/\/ec.europa.eu\/eurostat\/en\/web\/products-euro-indicators\/w\/4-13032026-ap\">https:\/\/ec.europa.eu\/eurostat\/en\/web\/products-euro-indicators\/w\/4-13032026-ap<\/a><\/p>\n<p>Conform INS, nici pe termen scurt nu exist\u0103 perspective optimiste \u2013 <em>comenzile noi din industria prelucr\u0103toare<\/em> au sc\u0103zut \u00een termeni nominali, \u00een luna ianuarie 2026, cu 5,3% comparativ cu aceea\u0219i lun\u0103 a anului precedent, cu sc\u0103deri semnificative \u00een toate subsectoarele (bunuri intermediare -13,8%, bunuri de folosin\u021b\u0103 \u00eendelungat\u0103 -5,5%, bunuri de uz curent -4,9% \u0219i bunuri de capital -0,5%). Reducerea comenzilor, at\u00e2t interne c\u00e2t \u0219i externe, va duce la o sc\u0103dere a produc\u021biei efective \u00een lunile urm\u0103toare. Acesta este un exemplu clar al difuz\u0103rii recesiunii: sc\u0103derea cererii \u2192 sc\u0103derea comenzilor pentru industrie \u2192 sc\u0103derea produc\u021biei \u2192 sc\u0103derea ocup\u0103rii \u00een industrie.<\/p>\n<p><em>Sectorul construc\u021biilor<\/em> a suferit o \u00eencetinire semnificativ\u0103 \u00een a doua parte a anului. Companiile au am\u00e2nat planurile de investi\u021bii \u0219i evit\u0103 \u00eemprumuturile din cauza dob\u00e2nzilor ridicate \u0219i a perspectivelor economice negative. Am\u00e2narea pl\u0103\u021bii facturilor pentru lucr\u0103rile executate reprezint\u0103 un alt factor de influen\u021b\u0103 negativ pentru acest sector. Datele INS indic\u0103 o sc\u0103dere a volumului lucr\u0103rilor de construc\u021bii cu 2,4% fa\u021b\u0103 de ianuarie 2025, iar ca serie ajustat\u0103, cu 0,9% <em>(Infografic 3)<\/em>.<\/p>\n<p>Infografic 3<\/p>\n<\/p>\n<p>&nbsp;<\/p>\n<p>M\u0103surile implementate au dus la o sc\u0103dere a consumului \u0219i a puterii de cump\u0103rare, av\u00e2nd un <em>efect contrac\u021bionist<\/em> asupra majorit\u0103\u021bii componentelor sectorului <em>servicii<\/em>. Datele recente INS arat\u0103 o sc\u0103dere a activit\u0103\u021bii \u00een sectorul HoReCa cu 16% \u0219i \u00een domeniul jocurilor de noroc \u0219i activit\u0103\u021bilor recreative cu 9,1% \u00een ianuarie 2026 comparativ<\/p>\n","protected":false},"excerpt":{"rendered":"<p>\u00cen analiza de fa\u021b\u0103, voi explora evolu\u021biile alarmante ale principalilor indicatori economici care reflect\u0103 criza profund\u0103 \u00een care se afl\u0103 economia rom\u00e2neasc\u0103. Dinamica PIB-ului real, decalajul PIB, produc\u021bia industrial\u0103, lucr\u0103rile \u00een construc\u021bii \u0219i activitatea \u00een sectorul serviciilor sugereaz\u0103 o continuare a declinului economic \u0219i \u00een primul trimestru al acestui an. Perspectivele pentru urm\u0103toarele trimestre nu [&hellip;]<\/p>\n","protected":false},"author":4,"featured_media":14052,"comment_status":"open","ping_status":"open","sticky":false,"template":"","format":"standard","meta":{"jnews-multi-image_gallery":[],"jnews_single_post":[],"jnews_primary_category":[],"jnews_override_counter":[],"footnotes":""},"categories":[40],"tags":[2613,5577,2091,420,1461,16707,3179,16708],"class_list":["post-14051","post","type-post","status-publish","format-standard","has-post-thumbnail","hentry","category-econonie","tag-austeritate","tag-constructii","tag-criza-economica","tag-investitii","tag-pib","tag-productie-industriala","tag-recesiune","tag-sectorul-serviciilor"],"_links":{"self":[{"href":"https:\/\/www.newsrecorder.ro\/app\/wp-json\/wp\/v2\/posts\/14051","targetHints":{"allow":["GET"]}}],"collection":[{"href":"https:\/\/www.newsrecorder.ro\/app\/wp-json\/wp\/v2\/posts"}],"about":[{"href":"https:\/\/www.newsrecorder.ro\/app\/wp-json\/wp\/v2\/types\/post"}],"author":[{"embeddable":true,"href":"https:\/\/www.newsrecorder.ro\/app\/wp-json\/wp\/v2\/users\/4"}],"replies":[{"embeddable":true,"href":"https:\/\/www.newsrecorder.ro\/app\/wp-json\/wp\/v2\/comments?post=14051"}],"version-history":[{"count":0,"href":"https:\/\/www.newsrecorder.ro\/app\/wp-json\/wp\/v2\/posts\/14051\/revisions"}],"wp:featuredmedia":[{"embeddable":true,"href":"https:\/\/www.newsrecorder.ro\/app\/wp-json\/wp\/v2\/media\/14052"}],"wp:attachment":[{"href":"https:\/\/www.newsrecorder.ro\/app\/wp-json\/wp\/v2\/media?parent=14051"}],"wp:term":[{"taxonomy":"category","embeddable":true,"href":"https:\/\/www.newsrecorder.ro\/app\/wp-json\/wp\/v2\/categories?post=14051"},{"taxonomy":"post_tag","embeddable":true,"href":"https:\/\/www.newsrecorder.ro\/app\/wp-json\/wp\/v2\/tags?post=14051"}],"curies":[{"name":"wp","href":"https:\/\/api.w.org\/{rel}","templated":true}]}}