{"id":14053,"date":"2026-04-17T09:36:01","date_gmt":"2026-04-17T09:36:01","guid":{"rendered":"https:\/\/www.newsrecorder.ro\/app\/2026\/04\/17\/cnab-lanseaza-achizitia-pentru-supervizarea-energiei-solare-de-la-aeroport\/"},"modified":"2026-04-17T09:36:01","modified_gmt":"2026-04-17T09:36:01","slug":"cnab-lanseaza-achizitia-pentru-supervizarea-energiei-solare-de-la-aeroport","status":"publish","type":"post","link":"https:\/\/www.newsrecorder.ro\/app\/2026\/04\/17\/cnab-lanseaza-achizitia-pentru-supervizarea-energiei-solare-de-la-aeroport\/","title":{"rendered":"CNAB lanseaz\u0103 achizi\u021bia pentru supervizarea energiei solare de la aeroport"},"content":{"rendered":"<p>Serviciile de supervizare se concentreaz\u0103 pe etapele de proiectare \u0219i execu\u021bie, precum \u0219i pe perioada de garan\u021bie, care se \u00eentinde pe o durat\u0103 total\u0103 de 60 de luni. Dintre acestea, 18 luni sunt dedicate at\u00e2t proiect\u0103rii, c\u00e2t \u0219i execu\u021biei, asigur\u00e2ndu-se o corelare eficient\u0103 cu implementarea investi\u021biei.<\/p>\n<p>Valoarea estimat\u0103 a contractului este de 1,21 milioane de lei, o sum\u0103 care reflect\u0103 importan\u021ba \u0219i complexitatea proiectului.<\/p>\n<p>Aceast\u0103 ini\u021biativ\u0103 face parte dintr-o viziune mai ampl\u0103 de instalare a panourilor fotovoltaice, al\u0103turi de racordarea acestora la re\u021beaua electric\u0103 a aeroportului. Proiectul este finan\u021bat prin Fondul pentru Modernizare, av\u00e2nd o valoare total\u0103 de peste 213 milioane de lei.<\/p>\n<p>\u00cen ceea ce prive\u0219te procedura de atribuire, aceasta este simplificat\u0103, iar criteriul de selec\u021bie ales este \u201ecel mai bun raport calitate-pre\u021b\u201d. Termenul limit\u0103 pentru depunerea ofertelor este stabilit pentru data de 4 mai.<\/p>\n<p>\u201eConstruirea acestui parc fotovoltaic reprezint\u0103 un pas esen\u021bial \u00een procesul de modernizare a Aeroportului Interna\u021bional Henri Coand\u0103 Bucure\u0219ti. Investi\u021biile \u00een producerea de energie din surse regenerabile contribuie direct la cre\u0219terea autonomiei energetice a aeroportului, la diminuarea costurilor de operare, precum \u0219i la integrarea \u00eentr-un sistem complex de monitorizare \u0219i control. Aceste m\u0103suri ajut\u0103, de asemenea, la reducerea impactului asupra mediului,\u201d a declarat Bogdan M\u00eendrescu, directorul general al <a href=\"https:\/\/www.mediafax.ro\/social\/pasaj-subteran-nou-la-aeroportul-otopeni-proiect-pentru-fluidizarea-traficului-spre-bucuresti-23720940\">CNAB<\/a>.<\/p>\n","protected":false},"excerpt":{"rendered":"<p>Serviciile de supervizare se concentreaz\u0103 pe etapele de proiectare \u0219i execu\u021bie, precum \u0219i pe perioada de garan\u021bie, care se \u00eentinde pe o durat\u0103 total\u0103 de 60 de luni. Dintre acestea, 18 luni sunt dedicate at\u00e2t proiect\u0103rii, c\u00e2t \u0219i execu\u021biei, asigur\u00e2ndu-se o corelare eficient\u0103 cu implementarea investi\u021biei. Valoarea estimat\u0103 a contractului este de 1,21 milioane de [&hellip;]<\/p>\n","protected":false},"author":4,"featured_media":14054,"comment_status":"open","ping_status":"open","sticky":false,"template":"","format":"standard","meta":{"jnews-multi-image_gallery":[],"jnews_single_post":[],"jnews_primary_category":[],"jnews_override_counter":[],"footnotes":""},"categories":[40],"tags":[13933,9798,3217,1938,4012,16710,12191,16709],"class_list":["post-14053","post","type-post","status-publish","format-standard","has-post-thumbnail","hentry","category-econonie","tag-executie","tag-fondul-pentru-modernizare","tag-garantie","tag-panouri-fotovoltaice","tag-proiectare","tag-raport-calitate-pret","tag-retea-electrica","tag-supervizare"],"_links":{"self":[{"href":"https:\/\/www.newsrecorder.ro\/app\/wp-json\/wp\/v2\/posts\/14053","targetHints":{"allow":["GET"]}}],"collection":[{"href":"https:\/\/www.newsrecorder.ro\/app\/wp-json\/wp\/v2\/posts"}],"about":[{"href":"https:\/\/www.newsrecorder.ro\/app\/wp-json\/wp\/v2\/types\/post"}],"author":[{"embeddable":true,"href":"https:\/\/www.newsrecorder.ro\/app\/wp-json\/wp\/v2\/users\/4"}],"replies":[{"embeddable":true,"href":"https:\/\/www.newsrecorder.ro\/app\/wp-json\/wp\/v2\/comments?post=14053"}],"version-history":[{"count":0,"href":"https:\/\/www.newsrecorder.ro\/app\/wp-json\/wp\/v2\/posts\/14053\/revisions"}],"wp:featuredmedia":[{"embeddable":true,"href":"https:\/\/www.newsrecorder.ro\/app\/wp-json\/wp\/v2\/media\/14054"}],"wp:attachment":[{"href":"https:\/\/www.newsrecorder.ro\/app\/wp-json\/wp\/v2\/media?parent=14053"}],"wp:term":[{"taxonomy":"category","embeddable":true,"href":"https:\/\/www.newsrecorder.ro\/app\/wp-json\/wp\/v2\/categories?post=14053"},{"taxonomy":"post_tag","embeddable":true,"href":"https:\/\/www.newsrecorder.ro\/app\/wp-json\/wp\/v2\/tags?post=14053"}],"curies":[{"name":"wp","href":"https:\/\/api.w.org\/{rel}","templated":true}]}}