{"id":1409,"date":"2026-02-03T01:40:08","date_gmt":"2026-02-03T01:40:08","guid":{"rendered":"https:\/\/www.newsrecorder.ro\/app\/2026\/02\/03\/marius-budai-salvam-locurile-de-munca-si-revitalizam-economia\/"},"modified":"2026-02-03T01:40:08","modified_gmt":"2026-02-03T01:40:08","slug":"marius-budai-salvam-locurile-de-munca-si-revitalizam-economia","status":"publish","type":"post","link":"https:\/\/www.newsrecorder.ro\/app\/2026\/02\/03\/marius-budai-salvam-locurile-de-munca-si-revitalizam-economia\/","title":{"rendered":"Marius Bud\u0103i: \u201eSalv\u0103m locurile de munc\u0103 \u0219i revitaliz\u0103m economia!\u201d"},"content":{"rendered":"<p>\u00centr-un interviu acordat la Antena 3 CNN, deputatul social-democrat Marius Bud\u0103i a subliniat c\u0103 Partidul Social Democrat (PSD) nu se opune reformei administra\u021biei, ci solicit\u0103 un dialog sincer \u00een cadrul coali\u021biei. Bud\u0103i a reamintit c\u0103 PSD a prezentat, \u00eenc\u0103 din luna septembrie, un pachet esen\u021bial pentru relansarea economic\u0103, considerat crucial pentru viitorul economiei rom\u00e2ne\u0219ti.<\/p>\n<p>Potrivit lui Bud\u0103i, acest pachet a fost adus \u00een discu\u021bie \u00een coali\u021bie \u00een toamna anului trecut, \u00eens\u0103 nu a fost supus unei analize serioase p\u00e2n\u0103 la finele lunii ianuarie. PSD consider\u0103 c\u0103 relansarea economic\u0103 este indispensabil\u0103 pentru men\u021binerea locurilor de munc\u0103 \u0219i supravie\u021buirea firmelor autohtone.<\/p>\n<p>\u201ePachetul nostru pentru relansarea economiei, conform viziunii PSD, nu pretindem c\u0103 este solu\u021bia suprem\u0103,\u201d a declarat Bud\u0103i. \u201e\u00cenc\u0103 din septembrie am propus acest pachet pentru a fi discutat \u00een cadrul coali\u021biei. P\u00e2n\u0103 la sf\u00e2r\u0219itul lunii ianuarie, nu s-a dorit s\u0103 se abordeze acest subiect, \u00een ciuda avertismentelor noastre.\u201d<\/p>\n<p>El a ad\u0103ugat: \u201eF\u0103r\u0103 acest pachet, care este considerat esen\u021bial pentru relansarea economic\u0103, nu avem alternativ\u0103. Acum, pachetul este complet \u0219i are poten\u021bialul de a oferi un sprijin semnificativ economiei rom\u00e2ne\u0219ti, \u00een special \u00een ceea ce prive\u0219te locurile de munc\u0103. Totodat\u0103, trebuie s\u0103 ne concentr\u0103m \u0219i asupra persoanelor cu venituri mici, care sunt cele mai afectate de sc\u0103derea puterii de cump\u0103rare.\u201d<\/p>\n<p>\u00cen ceea ce prive\u0219te solidaritatea social\u0103, Bud\u0103i a explicat c\u0103 PSD a propus un pachet care vizeaz\u0103 protejarea celor mai vulnerabili cet\u0103\u021beni, afectati de cre\u0219terea costului vie\u021bii \u0219i de m\u0103surile de austeritate recente. Categoriile vizate includ pensionarii cu venituri mici, persoanele cu dizabilit\u0103\u021bi, mamele cu copii \u0219i veteranii de r\u0103zboi.<\/p>\n<p>\u201eConsider\u0103m c\u0103 pachetul de relansare economic\u0103 este vital, dar, \u00een urma cre\u0219terii semnificative a costului vie\u021bii, este imperios necesar s\u0103 avem \u0219i un pachet de solidaritate care s\u0103 ofere protec\u021bie minim\u0103 celor afecta\u021bi de austeritate. Vorbim despre seniori cu pensii mici, persoane cu dizabilit\u0103\u021bi, mame singure \u0219i veterani de r\u0103zboi,\u201d a ad\u0103ugat Bud\u0103i.<\/p>\n<p>La final, Bud\u0103i a subliniat c\u0103 m\u0103surile sociale propuse sunt deschise negocierilor \u0219i c\u0103 PSD \u00ee\u0219i dore\u0219te o deschidere rapid\u0103 a dialogului. El a cerut ca deciziile s\u0103 fie luate prompt \u00een coali\u021bie, pentru a r\u0103spunde at\u00e2t nevoilor economice, c\u00e2t \u0219i celor sociale.<\/p>\n<p>\u201e\u00cendemn la un dialog constructiv \u00een cadrul coali\u021biei \u0219i la luarea de decizii urgente. Este esen\u021bial s\u0103 ne a\u0219ez\u0103m la masa discu\u021biilor \u0219i s\u0103 g\u0103sim solu\u021bii c\u00e2t mai repede,\u201d a concluzionat Bud\u0103i, subliniind importan\u021ba colabor\u0103rii pentru a aborda aceste provoc\u0103ri.\u201d<\/p>\n","protected":false},"excerpt":{"rendered":"<p>\u00centr-un interviu acordat la Antena 3 CNN, deputatul social-democrat Marius Bud\u0103i a subliniat c\u0103 Partidul Social Democrat (PSD) nu se opune reformei administra\u021biei, ci solicit\u0103 un dialog sincer \u00een cadrul coali\u021biei. Bud\u0103i a reamintit c\u0103 PSD a prezentat, \u00eenc\u0103 din luna septembrie, un pachet esen\u021bial pentru relansarea economic\u0103, considerat crucial pentru viitorul economiei rom\u00e2ne\u0219ti. Potrivit [&hellip;]<\/p>\n","protected":false},"author":4,"featured_media":1410,"comment_status":"open","ping_status":"open","sticky":false,"template":"","format":"standard","meta":{"jnews-multi-image_gallery":[],"jnews_single_post":[],"jnews_primary_category":[],"jnews_override_counter":[],"footnotes":""},"categories":[40],"tags":[2473,2474,1326,2476,2475,300,2472,1684],"class_list":["post-1409","post","type-post","status-publish","format-standard","has-post-thumbnail","hentry","category-econonie","tag-dialog-coalitie","tag-firme-autohtone","tag-locuri-de-munca","tag-marius-budai","tag-pachet-economic","tag-psd","tag-reforma-administratie","tag-relansare-economica"],"_links":{"self":[{"href":"https:\/\/www.newsrecorder.ro\/app\/wp-json\/wp\/v2\/posts\/1409","targetHints":{"allow":["GET"]}}],"collection":[{"href":"https:\/\/www.newsrecorder.ro\/app\/wp-json\/wp\/v2\/posts"}],"about":[{"href":"https:\/\/www.newsrecorder.ro\/app\/wp-json\/wp\/v2\/types\/post"}],"author":[{"embeddable":true,"href":"https:\/\/www.newsrecorder.ro\/app\/wp-json\/wp\/v2\/users\/4"}],"replies":[{"embeddable":true,"href":"https:\/\/www.newsrecorder.ro\/app\/wp-json\/wp\/v2\/comments?post=1409"}],"version-history":[{"count":0,"href":"https:\/\/www.newsrecorder.ro\/app\/wp-json\/wp\/v2\/posts\/1409\/revisions"}],"wp:featuredmedia":[{"embeddable":true,"href":"https:\/\/www.newsrecorder.ro\/app\/wp-json\/wp\/v2\/media\/1410"}],"wp:attachment":[{"href":"https:\/\/www.newsrecorder.ro\/app\/wp-json\/wp\/v2\/media?parent=1409"}],"wp:term":[{"taxonomy":"category","embeddable":true,"href":"https:\/\/www.newsrecorder.ro\/app\/wp-json\/wp\/v2\/categories?post=1409"},{"taxonomy":"post_tag","embeddable":true,"href":"https:\/\/www.newsrecorder.ro\/app\/wp-json\/wp\/v2\/tags?post=1409"}],"curies":[{"name":"wp","href":"https:\/\/api.w.org\/{rel}","templated":true}]}}