{"id":14101,"date":"2026-04-17T11:36:13","date_gmt":"2026-04-17T11:36:13","guid":{"rendered":"https:\/\/www.newsrecorder.ro\/app\/2026\/04\/17\/fifor-il-acuza-pe-premier-bolojan-trebuie-sa-demisioneze\/"},"modified":"2026-04-17T11:36:13","modified_gmt":"2026-04-17T11:36:13","slug":"fifor-il-acuza-pe-premier-bolojan-trebuie-sa-demisioneze","status":"publish","type":"post","link":"https:\/\/www.newsrecorder.ro\/app\/2026\/04\/17\/fifor-il-acuza-pe-premier-bolojan-trebuie-sa-demisioneze\/","title":{"rendered":"Fifor \u00eel acuz\u0103 pe premier: Bolojan trebuie s\u0103 demisioneze!"},"content":{"rendered":"<p><em>\u201eBolojan trebuie s\u0103 plece! Nu mai putem l\u0103sa Rom\u00e2nia pe m\u00e2na unui kamikaze. Dup\u0103 experimentul Klaus Iohannis, care ne-a costat 10 ani din via\u021ba noastr\u0103 \u0219i a copiilor no\u0219tri, nu mai avem dreptul s\u0103 ne permitem experimente pe seama viitorului Rom\u00e2niei. \u00abMiracolul\u00bb de la Bihor nu este doar un experiment ratat. Este o dovad\u0103 vie c\u0103 at\u00e2t poate oferi dreapta din Rom\u00e2nia: ni\u0219te pigmei zgomoto\u0219i v\u00e2ndu\u021bi ca voinici pe steroizi, pu\u0219i pe pr\u0103duirea \u021b\u0103rii \u00een numele \u00abreformei\u00bb\u201d,<\/em> a scris Mihai Fifor, \u00eentr-o postare pe Facebook.<\/p>\n<p>Deputatul PSD subliniaz\u0103 c\u0103 politica de austeritate a creat o povar\u0103 semnificativ\u0103 pentru rom\u00e2nii cu venituri mici \u0219i medii, afirm\u00e2nd c\u0103 ajustarea fiscal\u0103 \u201ea fost regresiv\u0103 \u0219i a lovit exact \u00een cei mai vulnerabili\u201d.<\/p>\n<p>Fifor argumenteaz\u0103 c\u0103 majorarea TVA-ului \u0219i a accizelor a condus la o cre\u0219tere a costului vie\u021bii, pun\u00e2nd milioane de rom\u00e2ni \u00eentr-o situa\u021bie dificil\u0103. \u201eClasa de mijloc este \u00eempins\u0103 spre s\u0103r\u0103cie, iar cei care abia reu\u0219eau s\u0103-\u0219i duc\u0103 traiul au fost for\u021ba\u021bi s\u0103 renun\u021be la lucrurile esen\u021biale \u2014 hran\u0103, s\u0103n\u0103tate, via\u021b\u0103 decent\u0103\u201d, a mai ad\u0103ugat acesta.<\/p>\n<p>Conform declara\u021biilor sale, puterea de cump\u0103rare a salaria\u021bilor a sc\u0103zut \u201edramatic\u201d, cu o depreciere medie de 8,2% pe parcursul a opt luni consecutive. De asemenea, Fifor men\u021bioneaz\u0103 c\u0103 nivelul de trai a sc\u0103zut cu 15% \u00een educa\u021bie, 14% \u00een administra\u021bie \u0219i 10% \u00een s\u0103n\u0103tate, acuz\u00e2nd c\u0103 \u201eaceasta este cea mai sever\u0103 sc\u0103dere a nivelului de trai din ultimii 15 ani\u201d.<\/p>\n<p><em>\u201e\u00abReforma\u00bb cu barda a la Bolojan a produs \u0219i un alt efect major: explozia infla\u021biei. Cre\u0219terea TVA, a accizelor \u0219i a taxelor a \u00eempins infla\u021bia de la aproximativ 5% la peste 10% \u00een a doua parte a anului. Aceasta \u00eenseamn\u0103 scumpiri accelerate la alimente, energie \u0219i servicii \u2014 adic\u0103 exact acolo unde doare cel mai tare\u201d,<\/em> a acuzat deputatul.<\/p>\n<p>Fifor a subliniat \u0219i impactul negativ asupra pensionarilor, afirm\u00e2nd c\u0103 ace\u0219tia se confrunt\u0103 cu cea mai sever\u0103 sc\u0103dere a puterii de cump\u0103rare din ultimii 25 de ani. Potrivit lui, peste 500.000 de pensionari \u201eau fost \u00eempin\u0219i spre deprivare sever\u0103\u201d.<\/p>\n<p><em>\u201eSuntem deja \u00een recesiune. Ar fi iresponsabil s\u0103 nu facem nimic pentru a redresa economia. Un partid responsabil intervine atunci c\u00e2nd economia este afectat\u0103. Avem nevoie de o schimbare de direc\u021bie pentru a redresa economia. Iresponsabili sunt cei care sus\u021bin c\u0103 trebuie s\u0103 continu\u0103m cu aceea\u0219i strategie care a e\u0219uat\u201d,<\/em> a concluzionat Mihai Fifor.<\/p>\n<p>Aceste declara\u021bii vin \u00eentr-un context tensionat, \u00een care social-democra\u021bii, <a href=\"https:\/\/www.mediafax.ro\/politic\/planul-psd-confirmat-de-claudiu-manda-demisia-lui-bolojan-sau-retragerea-ministrilor-23721120\">nemul\u021bumi\u021bi de Guvernul Bolojan<\/a>, se preg\u0103tesc s\u0103 se \u00eentruneasc\u0103 luni, 20 aprilie, pentru a discuta o schimbare de direc\u021bie a partidului. Ace\u0219tia vor vota asupra retragerii sprijinului politic pentru premier, amenin\u021b\u00e2nd c\u0103 cei \u0219ase mini\u0219tri PSD \u00ee\u0219i vor da demisia dac\u0103 Bolojan nu va renun\u021ba la guvernare.<\/p>\n","protected":false},"excerpt":{"rendered":"<p>\u201eBolojan trebuie s\u0103 plece! Nu mai putem l\u0103sa Rom\u00e2nia pe m\u00e2na unui kamikaze. Dup\u0103 experimentul Klaus Iohannis, care ne-a costat 10 ani din via\u021ba noastr\u0103 \u0219i a copiilor no\u0219tri, nu mai avem dreptul s\u0103 ne permitem experimente pe seama viitorului Rom\u00e2niei. \u00abMiracolul\u00bb de la Bihor nu este doar un experiment ratat. Este o dovad\u0103 vie [&hellip;]<\/p>\n","protected":false},"author":2,"featured_media":14102,"comment_status":"open","ping_status":"open","sticky":false,"template":"","format":"standard","meta":{"jnews-multi-image_gallery":[],"jnews_single_post":[],"jnews_primary_category":[],"jnews_override_counter":[],"footnotes":""},"categories":[42],"tags":[10286,2613,16756,16757,2154,1072,149,1749],"class_list":["post-14101","post","type-post","status-publish","format-standard","has-post-thumbnail","hentry","category-politica","tag-accize","tag-austeritate","tag-boloja","tag-clasa-de-mijloc","tag-costul-vietii","tag-mihai-fifor","tag-romania","tag-tva"],"_links":{"self":[{"href":"https:\/\/www.newsrecorder.ro\/app\/wp-json\/wp\/v2\/posts\/14101","targetHints":{"allow":["GET"]}}],"collection":[{"href":"https:\/\/www.newsrecorder.ro\/app\/wp-json\/wp\/v2\/posts"}],"about":[{"href":"https:\/\/www.newsrecorder.ro\/app\/wp-json\/wp\/v2\/types\/post"}],"author":[{"embeddable":true,"href":"https:\/\/www.newsrecorder.ro\/app\/wp-json\/wp\/v2\/users\/2"}],"replies":[{"embeddable":true,"href":"https:\/\/www.newsrecorder.ro\/app\/wp-json\/wp\/v2\/comments?post=14101"}],"version-history":[{"count":0,"href":"https:\/\/www.newsrecorder.ro\/app\/wp-json\/wp\/v2\/posts\/14101\/revisions"}],"wp:featuredmedia":[{"embeddable":true,"href":"https:\/\/www.newsrecorder.ro\/app\/wp-json\/wp\/v2\/media\/14102"}],"wp:attachment":[{"href":"https:\/\/www.newsrecorder.ro\/app\/wp-json\/wp\/v2\/media?parent=14101"}],"wp:term":[{"taxonomy":"category","embeddable":true,"href":"https:\/\/www.newsrecorder.ro\/app\/wp-json\/wp\/v2\/categories?post=14101"},{"taxonomy":"post_tag","embeddable":true,"href":"https:\/\/www.newsrecorder.ro\/app\/wp-json\/wp\/v2\/tags?post=14101"}],"curies":[{"name":"wp","href":"https:\/\/api.w.org\/{rel}","templated":true}]}}