{"id":14105,"date":"2026-04-17T11:36:48","date_gmt":"2026-04-17T11:36:48","guid":{"rendered":"https:\/\/www.newsrecorder.ro\/app\/2026\/04\/17\/brasov-palatul-administrativ-cu-risc-seismic-va-fi-reabilitat\/"},"modified":"2026-04-17T11:36:48","modified_gmt":"2026-04-17T11:36:48","slug":"brasov-palatul-administrativ-cu-risc-seismic-va-fi-reabilitat","status":"publish","type":"post","link":"https:\/\/www.newsrecorder.ro\/app\/2026\/04\/17\/brasov-palatul-administrativ-cu-risc-seismic-va-fi-reabilitat\/","title":{"rendered":"Bra\u0219ov: Palatul Administrativ cu risc seismic va fi reabilitat!"},"content":{"rendered":"<p>Consiliul Jude\u021bean Bra\u0219ov a anun\u021bat vineri un progres semnificativ \u00een domeniul infrastructurii prin demersurile efectuate la Ministerul Dezvolt\u0103rii, Lucr\u0103rilor Publice \u0219i Administra\u021biei. Ministrul Cseke Attila a emis Ordinul nr. 429\/08.04.2026, care include proiectele de \u201eReabilitare a Palatului Administrativ de pe B-dul Eroilor nr. 5, Bra\u0219ov\u201d \u0219i \u201eConsolidare, modificare, reabilitare, reparare a Corpului B M\u00e2rzescu; extindere ie\u0219ire urgen\u021b\u0103\u201d \u00een cadrul Programului Na\u021bional de Consolidare a Cl\u0103dirilor cu Risc Seismic Ridicat (PNCCRS).<\/p>\n<p>\u00cen prezent, echipa Consiliului Jude\u021bean Bra\u0219ov lucreaz\u0103 la elaborarea caietelor de sarcini necesare pentru a lansa procedurile de achizi\u021bie, at\u00e2t pentru realizarea proiectului tehnic, c\u00e2t \u0219i pentru execu\u021bia lucr\u0103rilor la cele dou\u0103 obiective.<\/p>\n<p>Investi\u021bia total\u0103 pentru aceste proiecte se ridic\u0103 la aproape 260 de milioane de lei. Reabilitarea Palatului Administrativ este estimat\u0103 la 198,6 milioane de lei (cu TVA), \u00een timp ce modernizarea Corpului B M\u00e2rzescu este evaluat\u0103 la aproximativ 60,1 milioane de lei (cu TVA). Fiecare proiect are o durat\u0103 de realizare de 24 de luni.<\/p>\n<p>Palatul Administrativ, situat \u00een centrul Bra\u0219ovului, ad\u0103poste\u0219te at\u00e2t Consiliul Jude\u021bean, c\u00e2t \u0219i Institu\u021bia Prefectului. De asemenea, Corpul B M\u00e2rzescu este crucial, deoarece g\u0103zduie\u0219te sec\u021bii ale Spitalului Clinic Jude\u021bean de Urgen\u021b\u0103 \u0219i ale Spitalului Clinic de Pneumoftiziologie \u0219i Boli Infec\u021bioase.<\/p>\n<p>Pre\u0219edintele Consiliului Jude\u021bean Bra\u0219ov, Adrian-Ioan Ve\u0219tea, a subliniat importan\u021ba moderniz\u0103rii infrastructurii imobiliare din patrimoniul jude\u021bului: \u201eModernizarea infrastructurii imobiliare din patrimoniul jude\u021bului Bra\u0219ov este prioritar\u0103. Cele dou\u0103 imobile sunt extrem de importante\u2026 Marea provocare privind aceste proiecte a fost g\u0103sirea finan\u021b\u0103rii. \u00cen urma expertizelor efectuate, cele dou\u0103 imobile se \u00eencadreaz\u0103 \u00een gradul seismic II, ceea ce ne permite s\u0103 le includem \u00een Programul na\u021bional gestionat de Ministerul Dezvolt\u0103rii, asigur\u00e2nd astfel fondurile necesare implement\u0103rii lucr\u0103rilor. Sunt bucuros pentru acest succes de etap\u0103 \u0219i vreau s\u0103 le mul\u021bumesc tuturor speciali\u0219tilor, at\u00e2t din cadrul executivului jude\u021bean, c\u00e2t \u0219i de la MDLPA, pentru sprijinul acordat.\u201d<\/p>\n<p>Pe plan procedural, autoritatea jude\u021bean\u0103 are obliga\u021bia de a ob\u021bine autoriza\u021bia de construire pentru ambele obiective \u00een termen de maximum doi ani, complet\u00e2nd toate acordurile \u0219i avizele necesare. Ulterior, vor fi semnate contractele de finan\u021bare pentru execu\u021bia lucr\u0103rilor cu Ministerul Dezvolt\u0103rii, Lucr\u0103rilor Publice \u0219i Administra\u021biei.<\/p>\n","protected":false},"excerpt":{"rendered":"<p>Consiliul Jude\u021bean Bra\u0219ov a anun\u021bat vineri un progres semnificativ \u00een domeniul infrastructurii prin demersurile efectuate la Ministerul Dezvolt\u0103rii, Lucr\u0103rilor Publice \u0219i Administra\u021biei. Ministrul Cseke Attila a emis Ordinul nr. 429\/08.04.2026, care include proiectele de \u201eReabilitare a Palatului Administrativ de pe B-dul Eroilor nr. 5, Bra\u0219ov\u201d \u0219i \u201eConsolidare, modificare, reabilitare, reparare a Corpului B M\u00e2rzescu; extindere [&hellip;]<\/p>\n","protected":false},"author":2,"featured_media":14106,"comment_status":"open","ping_status":"open","sticky":false,"template":"","format":"standard","meta":{"jnews-multi-image_gallery":[],"jnews_single_post":[],"jnews_primary_category":[],"jnews_override_counter":[],"footnotes":""},"categories":[42],"tags":[2730,16762,6561,460,368,187,9076,6563],"class_list":["post-14105","post","type-post","status-publish","format-standard","has-post-thumbnail","hentry","category-politica","tag-brasov","tag-caiete-de-sarcini","tag-consolidare","tag-infrastructura","tag-investitie","tag-proiecte","tag-reabilitare","tag-risc-seismic"],"_links":{"self":[{"href":"https:\/\/www.newsrecorder.ro\/app\/wp-json\/wp\/v2\/posts\/14105","targetHints":{"allow":["GET"]}}],"collection":[{"href":"https:\/\/www.newsrecorder.ro\/app\/wp-json\/wp\/v2\/posts"}],"about":[{"href":"https:\/\/www.newsrecorder.ro\/app\/wp-json\/wp\/v2\/types\/post"}],"author":[{"embeddable":true,"href":"https:\/\/www.newsrecorder.ro\/app\/wp-json\/wp\/v2\/users\/2"}],"replies":[{"embeddable":true,"href":"https:\/\/www.newsrecorder.ro\/app\/wp-json\/wp\/v2\/comments?post=14105"}],"version-history":[{"count":0,"href":"https:\/\/www.newsrecorder.ro\/app\/wp-json\/wp\/v2\/posts\/14105\/revisions"}],"wp:featuredmedia":[{"embeddable":true,"href":"https:\/\/www.newsrecorder.ro\/app\/wp-json\/wp\/v2\/media\/14106"}],"wp:attachment":[{"href":"https:\/\/www.newsrecorder.ro\/app\/wp-json\/wp\/v2\/media?parent=14105"}],"wp:term":[{"taxonomy":"category","embeddable":true,"href":"https:\/\/www.newsrecorder.ro\/app\/wp-json\/wp\/v2\/categories?post=14105"},{"taxonomy":"post_tag","embeddable":true,"href":"https:\/\/www.newsrecorder.ro\/app\/wp-json\/wp\/v2\/tags?post=14105"}],"curies":[{"name":"wp","href":"https:\/\/api.w.org\/{rel}","templated":true}]}}