{"id":1411,"date":"2026-02-03T01:40:33","date_gmt":"2026-02-03T01:40:33","guid":{"rendered":"https:\/\/www.newsrecorder.ro\/app\/2026\/02\/03\/negocieri-cruciale-pentru-retehnologizarea-reactorului-1-de-la-cernavoda\/"},"modified":"2026-02-03T01:40:33","modified_gmt":"2026-02-03T01:40:33","slug":"negocieri-cruciale-pentru-retehnologizarea-reactorului-1-de-la-cernavoda","status":"publish","type":"post","link":"https:\/\/www.newsrecorder.ro\/app\/2026\/02\/03\/negocieri-cruciale-pentru-retehnologizarea-reactorului-1-de-la-cernavoda\/","title":{"rendered":"Negocieri Cruciale pentru Retehnologizarea Reactorului 1 de la Cernavod\u0103!"},"content":{"rendered":"<p>Conduc\u0103torul Autorit\u0103\u021bii Na\u021bionale de Concuren\u021b\u0103 are mari speran\u021be c\u0103 negocierile cu Bruxelles-ul pentru modernizarea Reactorului 1 de la Cernavod\u0103 se vor finaliza \u00een acest an. Ulterior, se va ini\u021bia \u0219i dialogul pentru construirea Unit\u0103\u021bilor 3 \u0219i 4.<\/p>\n<p>\u201eSunt sume prea mari\u201d, a declarat Bogdan Chiri\u021boiu, \u0219eful Consiliului Concuren\u021bei, \u00een cadrul unei conferin\u021be desf\u0103\u0219urate luni. Cele dou\u0103 reactoare nucleare de la Cernavod\u0103, operate de Nuclearelectrica, au o capacitate de aproximativ 700 MW fiecare \u0219i contribuie cu circa 18,5% la produc\u021bia total\u0103 de energie electric\u0103 a Rom\u00e2niei.<\/p>\n<p>Chiri\u021boiu a subliniat importan\u021ba ob\u021binerii acordului Comisiei Europene pentru retehnologizarea Reactorului 1, men\u021bion\u00e2nd c\u0103, de asemenea, se vor lansa discu\u021bii privind construc\u021bia Unit\u0103\u021bilor 3 \u0219i 4. \u201eAnul acesta, vrem s\u0103 ob\u021binem autorizarea Comisiei Europene pentru retehnologizarea Cernavod\u0103 1 \u0219i s\u0103 notific\u0103m Comisia pentru a cere aprobat\u0103 construc\u021bia reactoarelor 3 \u0219i 4. Aprobat\u0103 de ce? Pentru c\u0103 investi\u021biile necesit\u0103 ajutoare de stat, av\u00e2nd \u00een vedere sumele imense implicate\u201d, a ad\u0103ugat el.<\/p>\n<p>\u0218eful autorit\u0103\u021bii a subliniat c\u0103 este esen\u021bial s\u0103 se identifice formula potrivit\u0103 pentru oferirea acestor ajutoare de stat, fie sub form\u0103 de garan\u021bii pentru credite, fie prin asigurarea unui pre\u021b garantat. \u201eTrebuie s\u0103 vedem cum se va concretiza ajutorul de stat \u00een urma discu\u021biilor cu Comisia European\u0103 \u0219i pe ce formul\u0103 va opta Nuclearelectrica. M\u0103surile pot include garan\u021bii de stat pentru creditele necesare, dat fiind c\u0103 nimeni nu va finan\u021ba sume at\u00e2t de mari f\u0103r\u0103 o astfel de garan\u021bie\u201d, a explicat Chiri\u021boiu.<\/p>\n<p>Mai mult, el a men\u021bionat un mecanism numit \u201econtract pentru diferen\u021b\u0103\u201d, care permite statului s\u0103 compenseze diferen\u021ba dintre pre\u021bul de pia\u021b\u0103 \u0219i pre\u021bul necesar pentru a face investi\u021bia rentabil\u0103. Acest sistem este considerat mai eficient dec\u00e2t vechile mecanisme de tip feed-in tariff (FiT).<\/p>\n<p>\u00cen ceea ce prive\u0219te consumul de energie, se estimeaz\u0103 o cre\u0219tere moderat\u0103 \u00een urm\u0103torii opt ani, corelat\u0103 cu evolu\u021bia PIB-ului, \u00een timp ce capacit\u0103\u021bile de produc\u021bie, \u00een special din surse regenerabile, ar putea avansa mai rapid, conform raportului anual al Autorit\u0103\u021bii Na\u021bionale de Reglementare \u00een domeniul Energiei (ANRE) pentru 2024. Speciali\u0219tii ANRE sus\u021bin c\u0103 energia nuclear\u0103 va continua s\u0103 fie o solu\u021bie strategic\u0103 pentru asigurarea tranzi\u021biei spre decarbonizare \u0219i securitatea energetic\u0103, fiind planificat\u0103 punerea \u00een func\u021biune a centralei cu reactoare modulare mici (SMR) \u00een 2030, precum \u0219i a Unit\u0103\u021bilor 3 \u0219i 4 de la Cernavod\u0103 \u00een anii 2030 \u0219i 2031.<\/p>\n<p>Este important de men\u021bionat c\u0103 decizia final\u0103 privind proiectul reactoarelor modulare mici (SMR) de la Doice\u0219ti nu a fost \u00eenc\u0103 luat\u0103 \u0219i se afl\u0103 pe ordinea de zi a Adun\u0103rii Generale a Ac\u021bionarilor (AGA) din 12 februarie.<\/p>\n","protected":false},"excerpt":{"rendered":"<p>Conduc\u0103torul Autorit\u0103\u021bii Na\u021bionale de Concuren\u021b\u0103 are mari speran\u021be c\u0103 negocierile cu Bruxelles-ul pentru modernizarea Reactorului 1 de la Cernavod\u0103 se vor finaliza \u00een acest an. Ulterior, se va ini\u021bia \u0219i dialogul pentru construirea Unit\u0103\u021bilor 3 \u0219i 4. \u201eSunt sume prea mari\u201d, a declarat Bogdan Chiri\u021boiu, \u0219eful Consiliului Concuren\u021bei, \u00een cadrul unei conferin\u021be desf\u0103\u0219urate luni. Cele [&hellip;]<\/p>\n","protected":false},"author":4,"featured_media":1412,"comment_status":"open","ping_status":"open","sticky":false,"template":"","format":"standard","meta":{"jnews-multi-image_gallery":[],"jnews_single_post":[],"jnews_primary_category":[],"jnews_override_counter":[],"footnotes":""},"categories":[40],"tags":[783,786,499,530,464,686,2478,2477],"class_list":["post-1411","post","type-post","status-publish","format-standard","has-post-thumbnail","hentry","category-econonie","tag-capacitate","tag-cernavoda","tag-comisia-europeana","tag-energie-electrica","tag-modernizare","tag-negocieri","tag-nulearelectrica","tag-reactoare-nucleare"],"_links":{"self":[{"href":"https:\/\/www.newsrecorder.ro\/app\/wp-json\/wp\/v2\/posts\/1411","targetHints":{"allow":["GET"]}}],"collection":[{"href":"https:\/\/www.newsrecorder.ro\/app\/wp-json\/wp\/v2\/posts"}],"about":[{"href":"https:\/\/www.newsrecorder.ro\/app\/wp-json\/wp\/v2\/types\/post"}],"author":[{"embeddable":true,"href":"https:\/\/www.newsrecorder.ro\/app\/wp-json\/wp\/v2\/users\/4"}],"replies":[{"embeddable":true,"href":"https:\/\/www.newsrecorder.ro\/app\/wp-json\/wp\/v2\/comments?post=1411"}],"version-history":[{"count":0,"href":"https:\/\/www.newsrecorder.ro\/app\/wp-json\/wp\/v2\/posts\/1411\/revisions"}],"wp:featuredmedia":[{"embeddable":true,"href":"https:\/\/www.newsrecorder.ro\/app\/wp-json\/wp\/v2\/media\/1412"}],"wp:attachment":[{"href":"https:\/\/www.newsrecorder.ro\/app\/wp-json\/wp\/v2\/media?parent=1411"}],"wp:term":[{"taxonomy":"category","embeddable":true,"href":"https:\/\/www.newsrecorder.ro\/app\/wp-json\/wp\/v2\/categories?post=1411"},{"taxonomy":"post_tag","embeddable":true,"href":"https:\/\/www.newsrecorder.ro\/app\/wp-json\/wp\/v2\/tags?post=1411"}],"curies":[{"name":"wp","href":"https:\/\/api.w.org\/{rel}","templated":true}]}}