{"id":14157,"date":"2026-04-17T18:41:56","date_gmt":"2026-04-17T18:41:56","guid":{"rendered":"https:\/\/www.newsrecorder.ro\/app\/2026\/04\/17\/lider-european-social-media-saboteaza-tot-ce-incercam-sa-realizam\/"},"modified":"2026-04-17T18:41:56","modified_gmt":"2026-04-17T18:41:56","slug":"lider-european-social-media-saboteaza-tot-ce-incercam-sa-realizam","status":"publish","type":"post","link":"https:\/\/www.newsrecorder.ro\/app\/2026\/04\/17\/lider-european-social-media-saboteaza-tot-ce-incercam-sa-realizam\/","title":{"rendered":"Lider european: Social media saboteaz\u0103 tot ce \u00eencerc\u0103m s\u0103 realiz\u0103m!"},"content":{"rendered":"<p>Premierul spaniol, Pedro S\u00e1nchez, a tras un semnal de alarm\u0103 referitor la accesul tinerilor la con\u021binut pornografic, conform raportului Clash Report. \u00cen prezent, \u00een Spania, v\u00e2rsta medie la care minorii intr\u0103 \u00een contact cu acest tip de con\u021binut este de doar 11 ani. De\u0219i tinerii nu caut\u0103 \u00een mod activ aceste materiale, platformele de socializare \u00eei expun la con\u021binut violent \u0219i pornografic, care contribuie la transformarea femeilor \u00een obiecte. \u201eTot ceea ce \u00eencerc\u0103m s\u0103 realiz\u0103m offline este subminat de ceea ce este, ast\u0103zi, un fel de stat e\u0219uat: re\u021belele de socializare\u201d, a afirmat S\u00e1nchez.<\/p>\n<p>Aceast\u0103 declara\u021bie a fost f\u0103cut\u0103 vineri, \u00een cadrul unei conferin\u021be de pres\u0103 organizate cu ocazia vizitei pre\u0219edintelui brazilian, Luiz In\u00e1cio Lula da Silva, \u00een Spania. Liderul sud-american a subliniat, de asemenea, pericolele care amenin\u021b\u0103 societ\u0103\u021bile contemporane.<\/p>\n<p>\u201eTrebuie s\u0103 consolid\u0103m democra\u021bia \u00een lume pentru a preveni involu\u021biile. Pentru c\u0103 atunci c\u00e2nd asist\u0103m la involu\u021bii, apar figuri precum Hitler, nazismul sau fascismul\u201d, a declarat Lula, eviden\u021biind necesitatea de a proteja valorile democratice.<\/p>\n<p>\u00cen cadrul \u00eent\u00e2lnirii lor de vineri, care a avut loc \u00eentr-un fost palat regal din Barcelona, Lula \u0219i S\u00e1nchez au semnat acorduri importante ce privesc domeniile economiei, tehnologiei \u0219i politicilor sociale. \u00cen plus, s\u00e2mb\u0103t\u0103, cei doi lideri vor participa la conferin\u021be interna\u021bionale, al\u0103turi de al\u021bi lideri mondiali, pentru a discuta despre problemele globale actuale.<\/p>\n","protected":false},"excerpt":{"rendered":"<p>Premierul spaniol, Pedro S\u00e1nchez, a tras un semnal de alarm\u0103 referitor la accesul tinerilor la con\u021binut pornografic, conform raportului Clash Report. \u00cen prezent, \u00een Spania, v\u00e2rsta medie la care minorii intr\u0103 \u00een contact cu acest tip de con\u021binut este de doar 11 ani. De\u0219i tinerii nu caut\u0103 \u00een mod activ aceste materiale, platformele de socializare [&hellip;]<\/p>\n","protected":false},"author":2,"featured_media":14158,"comment_status":"open","ping_status":"open","sticky":false,"template":"","format":"standard","meta":{"jnews-multi-image_gallery":[],"jnews_single_post":[],"jnews_primary_category":[],"jnews_override_counter":[],"footnotes":""},"categories":[41],"tags":[1711,288,8605,16813,1955,16814,1535,2093],"class_list":["post-14157","post","type-post","status-publish","format-standard","has-post-thumbnail","hentry","category-externe","tag-continut-pornografic","tag-democratie","tag-pedro-sanchez","tag-raport-clash","tag-retele-sociale","tag-societati-contemporane","tag-tineret","tag-violenta"],"_links":{"self":[{"href":"https:\/\/www.newsrecorder.ro\/app\/wp-json\/wp\/v2\/posts\/14157","targetHints":{"allow":["GET"]}}],"collection":[{"href":"https:\/\/www.newsrecorder.ro\/app\/wp-json\/wp\/v2\/posts"}],"about":[{"href":"https:\/\/www.newsrecorder.ro\/app\/wp-json\/wp\/v2\/types\/post"}],"author":[{"embeddable":true,"href":"https:\/\/www.newsrecorder.ro\/app\/wp-json\/wp\/v2\/users\/2"}],"replies":[{"embeddable":true,"href":"https:\/\/www.newsrecorder.ro\/app\/wp-json\/wp\/v2\/comments?post=14157"}],"version-history":[{"count":0,"href":"https:\/\/www.newsrecorder.ro\/app\/wp-json\/wp\/v2\/posts\/14157\/revisions"}],"wp:featuredmedia":[{"embeddable":true,"href":"https:\/\/www.newsrecorder.ro\/app\/wp-json\/wp\/v2\/media\/14158"}],"wp:attachment":[{"href":"https:\/\/www.newsrecorder.ro\/app\/wp-json\/wp\/v2\/media?parent=14157"}],"wp:term":[{"taxonomy":"category","embeddable":true,"href":"https:\/\/www.newsrecorder.ro\/app\/wp-json\/wp\/v2\/categories?post=14157"},{"taxonomy":"post_tag","embeddable":true,"href":"https:\/\/www.newsrecorder.ro\/app\/wp-json\/wp\/v2\/tags?post=14157"}],"curies":[{"name":"wp","href":"https:\/\/api.w.org\/{rel}","templated":true}]}}