{"id":14169,"date":"2026-04-17T19:33:34","date_gmt":"2026-04-17T19:33:34","guid":{"rendered":"https:\/\/www.newsrecorder.ro\/app\/2026\/04\/17\/prognoza-anm-pentru-minivacanta-de-1-mai-ce-vreme-ne-asteapta-3\/"},"modified":"2026-04-17T19:33:34","modified_gmt":"2026-04-17T19:33:34","slug":"prognoza-anm-pentru-minivacanta-de-1-mai-ce-vreme-ne-asteapta-3","status":"publish","type":"post","link":"https:\/\/www.newsrecorder.ro\/app\/2026\/04\/17\/prognoza-anm-pentru-minivacanta-de-1-mai-ce-vreme-ne-asteapta-3\/","title":{"rendered":"Prognoza ANM pentru minivacan\u021ba de 1 Mai: Ce vreme ne a\u0219teapt\u0103?"},"content":{"rendered":"<p>Administra\u021bia Na\u021bional\u0103 de <a href=\"https:\/\/www.meteoromania.ro\/\" target=\"_blank\" rel=\"noopener\">Meteorologie<\/a> a emis prognoza meteo pentru perioada 13 aprilie \u2013 11 mai 2026, care include \u0219i minivacan\u021ba de 1 Mai. Iat\u0103 detaliile pentru fiecare s\u0103pt\u0103m\u00e2n\u0103.<\/p>\n<p><strong>S\u0103pt\u0103m\u00e2na 13 \u2013 20 aprilie<\/strong><\/p>\n<p>\u00cen aceast\u0103 s\u0103pt\u0103m\u00e2n\u0103, temperaturile vor fi u\u0219or mai ridicate \u00een regiunile intracarpatice, \u00een timp ce \u00een restul \u021b\u0103rii, valorile termice se vor \u00eencadra \u00een limitele normale pentru aceast\u0103 perioad\u0103. Precipita\u021biile vor fi deficitare, mai ales \u00een zonele nord-vestice, \u00eens\u0103 \u00een celelalte regiuni se vor men\u021bine la niveluri normale.<\/p>\n<p><strong>S\u0103pt\u0103m\u00e2na 20 \u2013 27 aprilie<\/strong><\/p>\n<p>Temperaturile medii vor \u00eenregistra o u\u0219oar\u0103 cre\u0219tere \u00een regiunile vestice \u0219i nord-vestice, r\u0103m\u00e2n\u00e2nd apropiate de valorile normale \u00een restul \u021b\u0103rii. Cantit\u0103\u021bile de precipita\u021bii se vor men\u021bine, \u00een general, \u00een jurul mediei obi\u0219nuite pentru aceast\u0103 perioad\u0103, acoperind o mare parte din teritoriu.<\/p>\n<p><strong>S\u0103pt\u0103m\u00e2na 27 aprilie \u2013 4 mai<\/strong><\/p>\n<p>Temperatura medie a aerului va fi u\u0219or mai crescut\u0103 \u00een regiunile intracarpatice, \u00een timp ce \u00een celelalte zone se va men\u021bine \u00een limite normale. Regimul de precipita\u021bii va fi, de asemenea, apropiat de cel normal pentru aceast\u0103 perioad\u0103, afect\u00e2nd majoritatea regiunilor din \u021bar\u0103.<\/p>\n<p><strong>S\u0103pt\u0103m\u00e2na 4 \u2013 11 mai<\/strong><\/p>\n<p>\u00cen aceast\u0103 s\u0103pt\u0103m\u00e2n\u0103, temperaturile medii vor dep\u0103\u0219i u\u0219or valorile specifice, \u00een special \u00een extremitatea de nord-vest a \u021b\u0103rii. \u00cen rest, temperaturile se vor men\u021bine \u00een general \u00een limite normale. Cantit\u0103\u021bile de precipita\u021bii se vor \u00eencadra \u00een jurul mediei pentru aceast\u0103 s\u0103pt\u0103m\u00e2n\u0103 la nivel na\u021bional.<\/p>\n","protected":false},"excerpt":{"rendered":"<p>Administra\u021bia Na\u021bional\u0103 de Meteorologie a emis prognoza meteo pentru perioada 13 aprilie \u2013 11 mai 2026, care include \u0219i minivacan\u021ba de 1 Mai. Iat\u0103 detaliile pentru fiecare s\u0103pt\u0103m\u00e2n\u0103. S\u0103pt\u0103m\u00e2na 13 \u2013 20 aprilie \u00cen aceast\u0103 s\u0103pt\u0103m\u00e2n\u0103, temperaturile vor fi u\u0219or mai ridicate \u00een regiunile intracarpatice, \u00een timp ce \u00een restul \u021b\u0103rii, valorile termice se vor [&hellip;]<\/p>\n","protected":false},"author":5,"featured_media":14170,"comment_status":"open","ping_status":"open","sticky":false,"template":"","format":"standard","meta":{"jnews-multi-image_gallery":[],"jnews_single_post":[],"jnews_primary_category":[],"jnews_override_counter":[],"footnotes":""},"categories":[45],"tags":[1816,1375,16818,16159,135,141,4034,126],"class_list":["post-14169","post","type-post","status-publish","format-standard","has-post-thumbnail","hentry","category-meteo","tag-administratia-nationala-de-meteorologie","tag-aprilie","tag-mai","tag-minivacanta","tag-precipitatii","tag-prognoza-meteo","tag-regiuni","tag-temperaturi"],"_links":{"self":[{"href":"https:\/\/www.newsrecorder.ro\/app\/wp-json\/wp\/v2\/posts\/14169","targetHints":{"allow":["GET"]}}],"collection":[{"href":"https:\/\/www.newsrecorder.ro\/app\/wp-json\/wp\/v2\/posts"}],"about":[{"href":"https:\/\/www.newsrecorder.ro\/app\/wp-json\/wp\/v2\/types\/post"}],"author":[{"embeddable":true,"href":"https:\/\/www.newsrecorder.ro\/app\/wp-json\/wp\/v2\/users\/5"}],"replies":[{"embeddable":true,"href":"https:\/\/www.newsrecorder.ro\/app\/wp-json\/wp\/v2\/comments?post=14169"}],"version-history":[{"count":0,"href":"https:\/\/www.newsrecorder.ro\/app\/wp-json\/wp\/v2\/posts\/14169\/revisions"}],"wp:featuredmedia":[{"embeddable":true,"href":"https:\/\/www.newsrecorder.ro\/app\/wp-json\/wp\/v2\/media\/14170"}],"wp:attachment":[{"href":"https:\/\/www.newsrecorder.ro\/app\/wp-json\/wp\/v2\/media?parent=14169"}],"wp:term":[{"taxonomy":"category","embeddable":true,"href":"https:\/\/www.newsrecorder.ro\/app\/wp-json\/wp\/v2\/categories?post=14169"},{"taxonomy":"post_tag","embeddable":true,"href":"https:\/\/www.newsrecorder.ro\/app\/wp-json\/wp\/v2\/tags?post=14169"}],"curies":[{"name":"wp","href":"https:\/\/api.w.org\/{rel}","templated":true}]}}