{"id":1417,"date":"2026-02-03T01:41:45","date_gmt":"2026-02-03T01:41:45","guid":{"rendered":"https:\/\/www.newsrecorder.ro\/app\/2026\/02\/03\/primul-termen-al-procesului-romania-vs-pfizer-detalii-si-previziuni\/"},"modified":"2026-02-03T01:41:45","modified_gmt":"2026-02-03T01:41:45","slug":"primul-termen-al-procesului-romania-vs-pfizer-detalii-si-previziuni","status":"publish","type":"post","link":"https:\/\/www.newsrecorder.ro\/app\/2026\/02\/03\/primul-termen-al-procesului-romania-vs-pfizer-detalii-si-previziuni\/","title":{"rendered":"Primul termen al procesului Rom\u00e2nia vs. Pfizer: Detalii \u0219i previziuni!"},"content":{"rendered":"<p>Avoca\u021bii Alexandru St\u0103nescu \u0219i Irina Vasile, parteneri la casa de avocatur\u0103 Lexters, au oferit detalii despre prima etap\u0103 a audierilor \u00een procesul intentat de compania farmaceutic\u0103 Pfizer, \u00een care statul rom\u00e2n este reprezentat legal. Aceast\u0103 informa\u021bie a fost transmis\u0103 reporterului Mediafax \u00een urma unei \u00eent\u00e2lniri cu cei doi avoca\u021bi.<\/p>\n<p>Pfizer a ini\u021biat o ac\u021biune \u00een justi\u021bie la tribunalul civil din Bruxelles, solicit\u00e2nd de la Polonia \u0219i Rom\u00e2nia suma total\u0103 de <a href=\"https:\/\/www.mediafax.ro\/sanatate\/pfizer-romania-si-polonia-nu-si-au-achitat-vaccinurile-din-pandemie-in-timp-ce-compania-si-a-indeplinit-scrupulos-obligatiile-citi-bani-vrea-pfizer-de-la-romania-23675873\">1,8 miliarde de euro<\/a>, conform informa\u021biilor din presa belgian\u0103. Avoca\u021bii companiei au precizat c\u0103 pentru Polonia se solicit\u0103 1,248 miliarde de euro plus dob\u00e2nzi pentru 88 de milioane de doze de vaccin, \u00een timp ce Rom\u00e2nia ar trebui s\u0103 achite 615 milioane de euro, plus dob\u00e2nzi, pentru 40 de milioane de doze, \u00een cadrul primei audieri din cele \u0219ase programate pentru acest caz.<\/p>\n<p>\u00cen momentul \u00een care Guvernul a aprobat memorandumului ce permite Ministerului Finan\u021belor s\u0103 contracteze servicii juridice pentru a reprezenta Rom\u00e2nia \u00een fa\u021ba <a href=\"https:\/\/www.mediafax.ro\/economic\/romania-la-judecata-in-belgia-pentru-neplata-vaccinurilor-pfizer-22246337\">Tribunalului de Prim\u0103 Instan\u0163\u0103 francofon din Bruxelles<\/a>, \u00een februarie 2024, Rom\u00e2nia avea deja obliga\u021bia de a pl\u0103ti Pfizer suma de 564 milioane de euro pentru cele 28,94 milioane de doze de vaccin r\u0103mase de livrat \u0219i 2,78 miliarde lei pentru cheltuielile de judecat\u0103, inclusiv 22.500 euro.<\/p>\n<p><em>Reporter Mediafax: Care este strategia de ap\u0103rare a Rom\u00e2niei?<\/em><\/p>\n<p><strong>Avoca\u021bi parteneri Lexters:<\/strong> Strategia de ap\u0103rare a fost elaborat\u0103 anterior, \u00een colaborare cu reprezentan\u021bii Ministerului Finan\u021belor \u0219i ai Comitetului Interministerial, incluz\u00e2nd Ministerul S\u0103n\u0103t\u0103\u021bii, Ministerul Justi\u021biei \u0219i Secretariatul General al Guvernului. Rom\u00e2nia a invocat at\u00e2t ap\u0103r\u0103ri procedurale, c\u00e2t \u0219i de fond, baz\u00e2ndu-se pe argumente de interes public, drept civil \u0219i contractual. Printre acestea se num\u0103r\u0103 for\u021ba major\u0103, impreviziunea, abuzul de drept din partea reclamantei, dar \u0219i aspecte legate de drepturile de proprietate intelectual\u0103 referitoare la tehnologia de produc\u021bie a vaccinurilor.<\/p>\n<p><em>Reporter Mediafax: Cum s-au desf\u0103\u0219urat audierile, \u00eencheiate vineri?<\/em><\/p>\n<p><strong>Avoca\u021bi parteneri Lexters:<\/strong> Audierile s-au desf\u0103\u0219urat conform programului stabilit de instan\u021b\u0103. A fost o etap\u0103 intens\u0103 \u00een care echipa de avoca\u021bi de la Lexters, \u00eempreun\u0103 cu colegii de la Strelia din Bruxelles, au avut ocazia s\u0103 preg\u0103teasc\u0103 \u0219i s\u0103 prezinte argumentele tehnice \u0219i juridice pentru a sus\u021bine pozi\u021bia Rom\u00e2niei. Din perspectiva noastr\u0103, aceasta a fost o oportunitate esen\u021bial\u0103 pentru a clarifica detalii tehnice \u00een leg\u0103tur\u0103 cu problemele de drept foarte complexe.<\/p>\n<p><em>Reporter Mediafax: Ce \u00eentreb\u0103ri au avut judec\u0103torii?<\/em><\/p>\n<p><strong>Avoca\u021bi parteneri Lexters:<\/strong> Judec\u0103torii au adresat \u00eentreb\u0103ri referitoare la punctele sensibile ale litigiului, care au fost clarificate \u00een cele \u0219ase zile de audieri, inclusiv despre mecanismul de contractare la nivel european \u0219i particularit\u0103\u021bile implement\u0103rii acestuia. De asemenea, s-au discutat aspecte legate de litigiile de proprietate intelectual\u0103 dintre Pfizer \u0219i al\u021bi produc\u0103tori, precum \u0219i \u00eentreb\u0103ri despre produc\u021bia efectiv\u0103 a dozelor pentru care se solicit\u0103 sumele respective. Instan\u021ba a dorit s\u0103 \u00een\u021beleag\u0103 \u00een detaliu argumentele p\u0103r\u021bilor implicate, iar noi nu putem face o selec\u021bie a acestora pentru a evita interpret\u0103rile par\u021biale.<\/p>\n<p><em>Reporter Mediafax: Ce \u0219anse crede\u021bi c\u0103 are Rom\u00e2nia s\u0103 c\u00e2\u0219tige acest proces?<\/em><\/p>\n<p><strong>Avoca\u021bi parteneri Lexters:<\/strong> Rom\u00e2nia a formulat ap\u0103r\u0103ri at\u00e2t pe aspecte procedurale, c\u00e2t \u0219i pe fond. Circumstan\u021bele factuale sunt solide, iar noi sper\u0103m c\u0103 judec\u0103torii vor evalua aceste circumstan\u021be \u00een mod echitabil. Exist\u0103 o schimbare semnificativ\u0103 \u00een num\u0103rul de vaccin\u0103ri, \u00eenregistr\u0103rile de \u00eemboln\u0103viri \u0219i dozele distruse, nu doar \u00een Rom\u00e2nia, ci \u0219i \u00een \u00eentreaga Uniune European\u0103. De asemenea, contractul a fost semnat \u00een condi\u021bii de urgen\u021b\u0103 f\u0103r\u0103 precedent \u0219i ar trebui s\u0103 fie interpretat cu flexibilitate, av\u00e2nd \u00een vedere contextul epidemiologic \u0219i de pia\u021b\u0103 care s-a schimbat rapid. Acestea sunt doar c\u00e2teva dintre argumentele pe care le aducem \u00een ap\u0103rare.<\/p>\n<p>Evaluarea \u0219anselor de succes va depinde de aprecierea instan\u021bei asupra argumentelor prezentate de ambele p\u0103r\u021bi, de normele de drept, de contract \u0219i de circumstan\u021bele aplicabile rela\u021biilor juridice stabilite. R\u0103m\u00e2nem optimi\u0219ti \u00een privin\u021ba solidit\u0103\u021bii ap\u0103r\u0103rilor formulate.<\/p>\n<p><em>Reporter Mediafax: C\u00e2t va dura litigiul \u0219i c\u00e2nd putem a\u0219tepta o decizie?<\/em><\/p>\n<p><strong>Avoca\u021bi parteneri Lexters:<\/strong> Av\u00e2nd \u00een vedere complexitatea juridic\u0103 \u0219i miza financiar\u0103 a cauzei, ne putem a\u0219tepta la un prim verdict \u00een c\u00e2teva luni, de\u0219i termenul exact este dependent de calendarul \u0219i volumul de munc\u0103 al judec\u0103torilor. Cazul este complex, iar judec\u0103torul ar putea decide c\u0103 sunt necesare probe suplimentare, redeschiz\u00e2nd dezbaterile pe anumite probleme de drept, dac\u0103 va considera necesar.<\/p>\n<p>Este important de men\u021bionat c\u0103 aceasta este etapa primei instan\u021be, iar decizia preliminar\u0103 sau final\u0103 va determina pa\u0219ii urm\u0103tori.<\/p>\n<p><em>Reporter Mediafax: Care este legisla\u021bia aplicabil\u0103 \u0219i ce c\u0103i de atac exist\u0103 \u00een cazul unei solu\u021bii nefavorabile?<\/em><\/p>\n<p><strong>Avoca\u021bi parteneri Lexters:<\/strong> Contractul este reglementat de dreptul belgian, de dreptul european \u0219i de tratate de comer\u021b interna\u021bional. Procedura belgian\u0103 permite p\u0103r\u021bii care pierde \u00een prima instan\u021b\u0103 s\u0103 formuleze apel \u0219i ulterior recurs, conform normelor de drept procedural civil belgian. Pentru a ob\u021bine o decizie favorabil\u0103 Rom\u00e2niei, interpretarea tribunalului asupra cadrului normativ \u0219i contractual specific, \u021bin\u00e2nd cont de circumstan\u021bele factuale, este esen\u021bial\u0103.<\/p>\n","protected":false},"excerpt":{"rendered":"<p>Avoca\u021bii Alexandru St\u0103nescu \u0219i Irina Vasile, parteneri la casa de avocatur\u0103 Lexters, au oferit detalii despre prima etap\u0103 a audierilor \u00een procesul intentat de compania farmaceutic\u0103 Pfizer, \u00een care statul rom\u00e2n este reprezentat legal. Aceast\u0103 informa\u021bie a fost transmis\u0103 reporterului Mediafax \u00een urma unei \u00eent\u00e2lniri cu cei doi avoca\u021bi. Pfizer a ini\u021biat o ac\u021biune \u00een [&hellip;]<\/p>\n","protected":false},"author":4,"featured_media":1418,"comment_status":"open","ping_status":"open","sticky":false,"template":"","format":"standard","meta":{"jnews-multi-image_gallery":[],"jnews_single_post":[],"jnews_primary_category":[],"jnews_override_counter":[],"footnotes":""},"categories":[40],"tags":[2493,1319,2494,1032,2495,149,2497,2496],"class_list":["post-1417","post","type-post","status-publish","format-standard","has-post-thumbnail","hentry","category-econonie","tag-avocati","tag-justitie","tag-pfizer","tag-polonia","tag-proces","tag-romania","tag-tribunal","tag-vaccin"],"_links":{"self":[{"href":"https:\/\/www.newsrecorder.ro\/app\/wp-json\/wp\/v2\/posts\/1417","targetHints":{"allow":["GET"]}}],"collection":[{"href":"https:\/\/www.newsrecorder.ro\/app\/wp-json\/wp\/v2\/posts"}],"about":[{"href":"https:\/\/www.newsrecorder.ro\/app\/wp-json\/wp\/v2\/types\/post"}],"author":[{"embeddable":true,"href":"https:\/\/www.newsrecorder.ro\/app\/wp-json\/wp\/v2\/users\/4"}],"replies":[{"embeddable":true,"href":"https:\/\/www.newsrecorder.ro\/app\/wp-json\/wp\/v2\/comments?post=1417"}],"version-history":[{"count":0,"href":"https:\/\/www.newsrecorder.ro\/app\/wp-json\/wp\/v2\/posts\/1417\/revisions"}],"wp:featuredmedia":[{"embeddable":true,"href":"https:\/\/www.newsrecorder.ro\/app\/wp-json\/wp\/v2\/media\/1418"}],"wp:attachment":[{"href":"https:\/\/www.newsrecorder.ro\/app\/wp-json\/wp\/v2\/media?parent=1417"}],"wp:term":[{"taxonomy":"category","embeddable":true,"href":"https:\/\/www.newsrecorder.ro\/app\/wp-json\/wp\/v2\/categories?post=1417"},{"taxonomy":"post_tag","embeddable":true,"href":"https:\/\/www.newsrecorder.ro\/app\/wp-json\/wp\/v2\/tags?post=1417"}],"curies":[{"name":"wp","href":"https:\/\/api.w.org\/{rel}","templated":true}]}}