{"id":14203,"date":"2026-04-17T19:39:46","date_gmt":"2026-04-17T19:39:46","guid":{"rendered":"https:\/\/www.newsrecorder.ro\/app\/2026\/04\/17\/brasovul-isi-deschide-portile-pentru-parada-junilor-restrictii-de-circulatie\/"},"modified":"2026-04-17T19:39:46","modified_gmt":"2026-04-17T19:39:46","slug":"brasovul-isi-deschide-portile-pentru-parada-junilor-restrictii-de-circulatie","status":"publish","type":"post","link":"https:\/\/www.newsrecorder.ro\/app\/2026\/04\/17\/brasovul-isi-deschide-portile-pentru-parada-junilor-restrictii-de-circulatie\/","title":{"rendered":"Bra\u0219ovul \u00ee\u0219i deschide por\u021bile pentru Parada Junilor! Restric\u021bii de circula\u021bie"},"content":{"rendered":"<p style=\"text-align: left\">Bra\u0219ovul se preg\u0103te\u0219te s\u0103 intre \u00eentr-o atmosfer\u0103 festiv\u0103 cu ocazia uneia dintre cele mai importante tradi\u021bii locale, Parada Junilor. Acest eveniment, programat pentru duminic\u0103, va atrage \u201ezeci de mii de bra\u0219oveni \u0219i turi\u0219ti\u201d \u00een centrul istoric \u0219i pe traseul ce leag\u0103 cartierul istoric \u0218chei de zona de agrement Pietrele lui Solomon.<\/p>\n<p style=\"text-align: left\">\u00cen vederea desf\u0103\u0219ur\u0103rii \u00een bune condi\u021bii a paradei, <a href=\"https:\/\/www.brasovcity.ro\/ro\/stiri_pe_larg\/36076\/?fbclid=IwY2xjawRMaJ5leHRuA2FlbQIxMABicmlkETFsZk9iczFZYlVHNkYxU0hXc3J0YwZhcHBfaWQQMjIyMDM5MTc4ODIwMDg5MgABHkR9h1rl-xckipSnYhOLsH5taXyxp4KwAwpVrFuqx7JUXh2_THCvwnqCe15x_aem_KxgJHMrG-udX0_2liR5tSQ\" target=\"_blank\" rel=\"noopener\">autorit\u0103\u021bile locale<\/a> au impus restric\u021bii de circula\u021bie. Primarul George Scripcaru a anun\u021bat c\u0103 planul de mobilitate a fost finalizat \u0219i c\u0103 aceste m\u0103suri sunt esen\u021biale pentru buna desf\u0103\u0219urare a paradei, asigur\u00e2nd totodat\u0103 siguran\u021ba participan\u021bilor \u0219i a publicului. Edilul a solicitat \u0219oferilor s\u0103 elibereze traseul paradei \u0219i s\u0103 evite parcarea \u00een zonele afectate \u00een diminea\u021ba evenimentului, avertiz\u00e2nd c\u0103 vehiculele parcate neregulamentar vor fi ridicate.<\/p>\n<p style=\"text-align: left\">\u201eFac apel la to\u021bi posesorii de autovehicule din aceast\u0103 zon\u0103 s\u0103 elibereze traseul \u0219i s\u0103 nu parcheze ma\u0219inile, fie c\u0103 sunt personale sau de serviciu, \u00eencep\u00e2nd de duminic\u0103 diminea\u021ba\u201d, a declarat primarul Bra\u0219ovului.<\/p>\n<p style=\"text-align: left\">Autorit\u0103\u021bile bra\u0219ovene au men\u021bionat c\u0103, \u00een cazul \u00een care restric\u021biile nu sunt respectate, autoturismele vor fi ridicate de echipele Prim\u0103riei.<\/p>\n<p style=\"text-align: left\">Restric\u021biile de circula\u021bie vor fi implementate treptat pe parcursul dimine\u021bii de duminic\u0103, pe m\u0103sur\u0103 ce alaiul Junilor se va \u00eendrepta din centrul ora\u0219ului spre destina\u021bia final\u0103 a paradei. Circula\u021bia va fi temporar oprit\u0103 pe principalele artere ale traseului, iar mai multe parc\u0103ri din zona central\u0103 vor fi \u00eenchise pe durata desf\u0103\u0219ur\u0103rii evenimentului.<\/p>\n<p style=\"text-align: left\">Locuitorii din zon\u0103 vor beneficia de acces controlat \u00een anumite intervale, at\u00e2t \u00eenainte de \u00eenceperea paradei, c\u00e2t \u0219i dup\u0103 ce coloana de juni va trece.<\/p>\n<p style=\"text-align: left\">Parada Junilor va \u00eencepe \u00een prima parte a zilei, urm\u00e2nd traseul tradi\u021bional p\u00e2n\u0103 la zona de agrement de la Pietrele lui Solomon, unde se preconizeaz\u0103 c\u0103 vor asista mii de spectatori. Reprezentan\u021bii celor \u0219apte cete de juni au subliniat semnifica\u021bia acestui eveniment pentru identitatea local\u0103, \u00eendemn\u00e2nd publicul s\u0103 respecte regulile de siguran\u021b\u0103, \u00een special s\u0103 se fereasc\u0103 de cai \u00een timpul desf\u0103\u0219ur\u0103rii alaiului.<\/p>\n<p style=\"text-align: left\">Aceast\u0103 parad\u0103 are r\u0103d\u0103cini ad\u00e2nci \u00een tradi\u021biile Bra\u0219ovului, simboliz\u00e2nd cobor\u00e2rea tinerilor din cartierul istoric \u0218chei \u00een centrul vechi al ora\u0219ului. Parada Junilor originateaz\u0103 din obiceiurile comunit\u0103\u021bii rom\u00e2ne\u0219ti din \u0218cheii Bra\u0219ovului, av\u00e2nd leg\u0103tur\u0103 cu afirmarea identit\u0103\u021bii \u0219i coeziunii acestei comunit\u0103\u021bi, care locuia \u00een afara vechii cet\u0103\u021bi a ora\u0219ului.<\/p>\n<p style=\"text-align: left\">Evenimentul reune\u0219te elemente ceremoniale, costume tradi\u021bionale \u0219i defil\u0103ri c\u0103lare, fiind considerat una dintre cele mai reprezentative manifest\u0103ri culturale ale ora\u0219ului \u0219i un important punct de atrac\u021bie pentru turi\u0219ti.<\/p>\n","protected":false},"excerpt":{"rendered":"<p>Bra\u0219ovul se preg\u0103te\u0219te s\u0103 intre \u00eentr-o atmosfer\u0103 festiv\u0103 cu ocazia uneia dintre cele mai importante tradi\u021bii locale, Parada Junilor. Acest eveniment, programat pentru duminic\u0103, va atrage \u201ezeci de mii de bra\u0219oveni \u0219i turi\u0219ti\u201d \u00een centrul istoric \u0219i pe traseul ce leag\u0103 cartierul istoric \u0218chei de zona de agrement Pietrele lui Solomon. \u00cen vederea desf\u0103\u0219ur\u0103rii \u00een [&hellip;]<\/p>\n","protected":false},"author":7,"featured_media":14204,"comment_status":"open","ping_status":"open","sticky":false,"template":"","format":"standard","meta":{"jnews-multi-image_gallery":[],"jnews_single_post":[],"jnews_primary_category":[],"jnews_override_counter":[],"footnotes":""},"categories":[43],"tags":[2730,1539,583,16441,7281,16826,13595,3972],"class_list":["post-14203","post","type-post","status-publish","format-standard","has-post-thumbnail","hentry","category-cultura","tag-brasov","tag-eveniment","tag-mobilitate","tag-parada-junilor","tag-restrictii-de-circulatie","tag-siguranta-participantilor","tag-traditii-locale","tag-turisti"],"_links":{"self":[{"href":"https:\/\/www.newsrecorder.ro\/app\/wp-json\/wp\/v2\/posts\/14203","targetHints":{"allow":["GET"]}}],"collection":[{"href":"https:\/\/www.newsrecorder.ro\/app\/wp-json\/wp\/v2\/posts"}],"about":[{"href":"https:\/\/www.newsrecorder.ro\/app\/wp-json\/wp\/v2\/types\/post"}],"author":[{"embeddable":true,"href":"https:\/\/www.newsrecorder.ro\/app\/wp-json\/wp\/v2\/users\/7"}],"replies":[{"embeddable":true,"href":"https:\/\/www.newsrecorder.ro\/app\/wp-json\/wp\/v2\/comments?post=14203"}],"version-history":[{"count":0,"href":"https:\/\/www.newsrecorder.ro\/app\/wp-json\/wp\/v2\/posts\/14203\/revisions"}],"wp:featuredmedia":[{"embeddable":true,"href":"https:\/\/www.newsrecorder.ro\/app\/wp-json\/wp\/v2\/media\/14204"}],"wp:attachment":[{"href":"https:\/\/www.newsrecorder.ro\/app\/wp-json\/wp\/v2\/media?parent=14203"}],"wp:term":[{"taxonomy":"category","embeddable":true,"href":"https:\/\/www.newsrecorder.ro\/app\/wp-json\/wp\/v2\/categories?post=14203"},{"taxonomy":"post_tag","embeddable":true,"href":"https:\/\/www.newsrecorder.ro\/app\/wp-json\/wp\/v2\/tags?post=14203"}],"curies":[{"name":"wp","href":"https:\/\/api.w.org\/{rel}","templated":true}]}}