{"id":14211,"date":"2026-04-17T22:16:10","date_gmt":"2026-04-17T22:16:10","guid":{"rendered":"https:\/\/www.newsrecorder.ro\/app\/2026\/04\/17\/tarom-raspunde-ce-se-intampla-cu-criza-de-kerosen-si-zborurile\/"},"modified":"2026-04-17T22:16:10","modified_gmt":"2026-04-17T22:16:10","slug":"tarom-raspunde-ce-se-intampla-cu-criza-de-kerosen-si-zborurile","status":"publish","type":"post","link":"https:\/\/www.newsrecorder.ro\/app\/2026\/04\/17\/tarom-raspunde-ce-se-intampla-cu-criza-de-kerosen-si-zborurile\/","title":{"rendered":"Tarom r\u0103spunde: Ce se \u00eent\u00e2mpl\u0103 cu criza de kerosen \u0219i zborurile?"},"content":{"rendered":"<p>Vineri, TAROM a emis un comunicat prin care a subliniat faptul c\u0103 zvonurile recente au avut un impact negativ asupra activit\u0103\u021bii companiei. Aceasta a fost o reac\u021bie la un context general tensionat, generat de dou\u0103 anun\u021buri externe care au avut loc \u00een ultima s\u0103pt\u0103m\u00e2n\u0103.<\/p>\n<p>\u00cen comunicatul oficial, TAROM a explicat: \u201eContextul general creat \u00een ultima s\u0103pt\u0103m\u00e2n\u0103 ca urmare a dou\u0103 valuri de anun\u021buri externe, \u00eencepe s\u0103 produc\u0103 efecte negative asupra activit\u0103\u021bii comerciale a companiei.\u201d Cu toate acestea, compania a asigurat c\u0103 are suficiente rezerve de kerosen pentru a-\u0219i desf\u0103\u0219ura opera\u021biunile f\u0103r\u0103 \u00eentreruperi.<\/p>\n<p>\u201eAnun\u021bul Consiliului Interna\u021bional al Aeroporturilor (ACI) Europa de la \u00eenceputul lunii aprilie \u0219i cel f\u0103cut \u00een aceast\u0103 s\u0103pt\u0103m\u00e2n\u0103 de Agen\u021bia Interna\u021bional\u0103 pentru Energie (AIE) eviden\u021biaz\u0103 o problem\u0103 real\u0103 \u00een industria transportului aerian la nivel european. \u00cen Rom\u00e2nia, nu ne confrunt\u0103m cu o criz\u0103 de aprovizionare cu kerosen; impactul resim\u021bit la nivel de industrie se datoreaz\u0103 volatilit\u0103\u021bii pre\u021bului \u021bi\u021beiului pe termen mediu \u0219i lung. \u00cen aceste condi\u021bii de pia\u021b\u0103, niciunul dintre scenariile TAROM nu prevede anul\u0103ri de zboruri \u00een urm\u0103toarele 90 de zile din cauza lipsei de carburant. Compania Na\u021bional\u0103 de Transport Aerian are asigurate cantit\u0103\u021bile necesare de kerosen, reconfirmate cu furnizorii s\u0103i \u0219i va continua s\u0103 opereze zboruri sigure, coordonate profesionist, \u00een regim normal\u201d, a declarat TAROM.<\/p>\n<p>De asemenea, TAROM a dorit s\u0103 clarifice \u0219i zvonurile legate de posibila \u00eenchidere a companiei. \u201eReferitor la titlurile de pres\u0103 care afirm\u0103 c\u0103 \u201eGuvernul Rom\u00e2niei va decide \u00een dou\u0103 s\u0103pt\u0103m\u00e2ni dac\u0103 \u00eenchide TAROM\u201d, aceste informa\u021bii sunt false \u0219i genereaz\u0103 ac\u021biuni care prejudiciaz\u0103 compania. Trebuie men\u021bionat c\u0103 sute de bilete B2B \u0219i contracte pentru curse charter, care urmau s\u0103 fie achizi\u021bionate de parteneri, au fost suspendate \u00een mai pu\u021bin de 24 de ore de la apari\u021bia acestor \u0219tiri\u201d, au ad\u0103ugat oficialii TAROM.<\/p>\n<p>\u00cen plus, TAROM a fost men\u021bionat\u0103 recent \u00een raportul CNR9, care a fost publicat ieri. Acest raport indic\u0103 faptul c\u0103 statul rom\u00e2n inten\u021bioneaz\u0103 s\u0103 se implice \u00een analiza direc\u021biei strategice a activit\u0103\u021bii Companiei Na\u021bionale de Transport Aerian, f\u0103r\u0103 a interveni \u00een opera\u021biunile curente. Compania \u00ee\u0219i va continua activitatea \u00een regim normal, iar variantele comunicate presei pe 16 aprilie sunt \u00een evaluare, av\u00e2nd poten\u021bialul de a conduce la viitoare linii directoare \u0219i decizii strategice, f\u0103r\u0103 a afecta opera\u021biunile zilnice ale TAROM\u201d, a concluzionat compania. <\/p>\n","protected":false},"excerpt":{"rendered":"<p>Vineri, TAROM a emis un comunicat prin care a subliniat faptul c\u0103 zvonurile recente au avut un impact negativ asupra activit\u0103\u021bii companiei. Aceasta a fost o reac\u021bie la un context general tensionat, generat de dou\u0103 anun\u021buri externe care au avut loc \u00een ultima s\u0103pt\u0103m\u00e2n\u0103. \u00cen comunicatul oficial, TAROM a explicat: \u201eContextul general creat \u00een ultima [&hellip;]<\/p>\n","protected":false},"author":4,"featured_media":14212,"comment_status":"open","ping_status":"open","sticky":false,"template":"","format":"standard","meta":{"jnews-multi-image_gallery":[],"jnews_single_post":[],"jnews_primary_category":[],"jnews_override_counter":[],"footnotes":""},"categories":[40],"tags":[16835,16834,1841,10714,1325,16514,5419,4406],"class_list":["post-14211","post","type-post","status-publish","format-standard","has-post-thumbnail","hentry","category-econonie","tag-activitate-comerciala","tag-anunturi-externe","tag-comunicat","tag-criza-aprovizionare","tag-industrie","tag-kerosen","tag-tarom","tag-transport-aerian"],"_links":{"self":[{"href":"https:\/\/www.newsrecorder.ro\/app\/wp-json\/wp\/v2\/posts\/14211","targetHints":{"allow":["GET"]}}],"collection":[{"href":"https:\/\/www.newsrecorder.ro\/app\/wp-json\/wp\/v2\/posts"}],"about":[{"href":"https:\/\/www.newsrecorder.ro\/app\/wp-json\/wp\/v2\/types\/post"}],"author":[{"embeddable":true,"href":"https:\/\/www.newsrecorder.ro\/app\/wp-json\/wp\/v2\/users\/4"}],"replies":[{"embeddable":true,"href":"https:\/\/www.newsrecorder.ro\/app\/wp-json\/wp\/v2\/comments?post=14211"}],"version-history":[{"count":0,"href":"https:\/\/www.newsrecorder.ro\/app\/wp-json\/wp\/v2\/posts\/14211\/revisions"}],"wp:featuredmedia":[{"embeddable":true,"href":"https:\/\/www.newsrecorder.ro\/app\/wp-json\/wp\/v2\/media\/14212"}],"wp:attachment":[{"href":"https:\/\/www.newsrecorder.ro\/app\/wp-json\/wp\/v2\/media?parent=14211"}],"wp:term":[{"taxonomy":"category","embeddable":true,"href":"https:\/\/www.newsrecorder.ro\/app\/wp-json\/wp\/v2\/categories?post=14211"},{"taxonomy":"post_tag","embeddable":true,"href":"https:\/\/www.newsrecorder.ro\/app\/wp-json\/wp\/v2\/tags?post=14211"}],"curies":[{"name":"wp","href":"https:\/\/api.w.org\/{rel}","templated":true}]}}