{"id":14219,"date":"2026-04-17T22:17:20","date_gmt":"2026-04-17T22:17:20","guid":{"rendered":"https:\/\/www.newsrecorder.ro\/app\/2026\/04\/17\/salarii-si-pensii-in-declin-consum-in-picaj-alarmant\/"},"modified":"2026-04-17T22:17:20","modified_gmt":"2026-04-17T22:17:20","slug":"salarii-si-pensii-in-declin-consum-in-picaj-alarmant","status":"publish","type":"post","link":"https:\/\/www.newsrecorder.ro\/app\/2026\/04\/17\/salarii-si-pensii-in-declin-consum-in-picaj-alarmant\/","title":{"rendered":"Salarii \u0219i pensii \u00een declin: Consum \u00een picaj alarmant!"},"content":{"rendered":"<p>Primul semn al schimb\u0103rilor economice a fost observat \u00een evolu\u021bia consumului. \u00cen prima parte a anului 2025, datele ajustate \u00een func\u021bie de zile lucr\u0103toare \u0219i sezonalitate indicau o cre\u0219tere constant\u0103: 4,7% \u00een februarie, 3,4% \u00een martie, 2,8% \u00een aprilie \u0219i mai, 2,6% \u00een iunie \u0219i 3,5% \u00een iulie. \u00cens\u0103, \u00eencep\u00e2nd din august 2025, odat\u0103 cu implementarea unor m\u0103suri de austeritate de c\u0103tre Guvernul Bolojan pentru reducerea deficitului bugetar, aceast\u0103 tendin\u021b\u0103 s-a inversat.<\/p>\n<p>Consumul a \u00eenceput s\u0103 scad\u0103, intr\u00e2nd pe un teritoriu negativ p\u00e2n\u0103 la \u00eenceputul lui 2026, cu valori de -2,1% \u00een august, -2,1% \u00een septembrie, -4,1% \u00een octombrie, -3,9% \u00een noiembrie, -2,0% \u00een decembrie, -6,0% \u00een ianuarie 2026 \u0219i -6,2% \u00een februarie 2026.<\/p>\n<p>Aceast\u0103 evolu\u021bie sugereaz\u0103 o r\u0103cire clar\u0103 a cererii interne. <strong>\u00cen termeni practici, popula\u021bia cheltuie\u0219te mai pu\u021bin comparativ cu aceea\u0219i perioad\u0103 a anului anterior, ceea ce reflect\u0103 at\u00e2t cre\u0219terile de pre\u021buri persistente, c\u00e2t \u0219i sc\u0103derea veniturilor reale. Aceasta genereaz\u0103 efecte \u00een lan\u021b, iar sc\u0103derea consumului exercit\u0103 o presiune considerabil\u0103 asupra companiilor, \u00een special \u00een sectoarele Retail \u0219i Horeca.<\/strong><\/p>\n<p>Un alt aspect \u00eengrijor\u0103tor este legat de salarii, care nu au reu\u0219it s\u0103 \u021bin\u0103 pasul cu infla\u021bia. \u00cen perioada 2023 \u0219i o mare parte a anului 2024, puterea de cump\u0103rare a c\u00e2\u0219tigului salarial mediu net s-a men\u021binut \u00eentr-o zon\u0103 pozitiv\u0103, cu valori frecvente \u00eentre 4% \u0219i 9%. La \u00eenceputul anului 2025, indicatorul era \u00eenc\u0103 pe plus, \u00eenregistr\u00e2nd 4,5% \u00een ianuarie \u0219i februarie, 4,7% \u00een martie, 3,2% \u00een aprilie \u0219i 2,0% \u00een mai.<\/p>\n<p>\u00cens\u0103, \u00een iunie 2025, puterea de cump\u0103rare a salariului mediu net a sc\u0103zut la 1,3%, iar \u00eencep\u00e2nd din iulie a intrat pe o traiectorie negativ\u0103, unde s-a ad\u00e2ncit treptat: -2,4% \u00een iulie, -5,0% \u00een august, -5,3% \u00een septembrie, -5,0% \u00een octombrie, -5,1% \u00een noiembrie, -4,5% \u00een decembrie, -5,5% \u00een ianuarie 2026 \u0219i -5,0% \u00een februarie 2026.<\/p>\n<p>Aceasta demonstreaz\u0103 c\u0103 salariile nu au reu\u0219it s\u0103 \u021bin\u0103 pasul cu infla\u021bia. Chiar dac\u0103, \u00een termeni nominali, veniturile pot p\u0103rea mai mari, \u00een realitate, dup\u0103 ajustarea cu cre\u0219terea pre\u021burilor, puterea de cump\u0103rare s-a diminuat. <strong>Astfel, angaja\u021bii pot achizi\u021biona mai pu\u021bin cu aceia\u0219i bani dec\u00e2t \u00eenainte.<\/strong><\/p>\n<p>Un alt segment afectat semnificativ este cel al pensionarilor. Graficul puterii de cump\u0103rare a pensiei medii arat\u0103 c\u0103, \u00een a doua jum\u0103tate a anului 2024, indicatorul a atins peste 32%: 32,9% \u00een septembrie, 32,8% \u00een octombrie, 32,3% \u00een noiembrie \u0219i 32,6% \u00een decembrie. Primele luni din 2025 au men\u021binut valori ridicate, \u00een jur de 16-17%.<\/p>\n<p>\u00cens\u0103, sc\u0103derea a fost rapid\u0103 \u00een lunile urm\u0103toare. Indicatorul a cobor\u00e2t la 16,4% \u00een mai 2025, 16,1% \u00een iunie, 13,8% \u00een iulie \u0219i 11,7% \u00een august. Din septembrie 2025, puterea de cump\u0103rare a pensiei medii a intrat brusc pe un teren negativ, cu valori de -8,2% \u00een septembrie, -8,1% \u00een octombrie, -8,1% \u00een noiembrie, -8,1% \u00een decembrie, -8,3% \u00een ianuarie 2026 \u0219i -8,3% \u00een februarie 2026.<\/p>\n<p>Pentru pensionari, aceast\u0103 tendin\u021b\u0103 se traduce printr-o pierdere evident\u0103 a nivelului de trai. Pensia medie poate achizi\u021biona mai pu\u021bin dec\u00e2t anterior, av\u00e2nd \u00een vedere c\u0103 persoanele cu venituri fixe sunt cele mai expuse la \u0219ocurile de pre\u021b, \u00een special \u00een ceea ce prive\u0219te alimentele, medicamentele \u0219i utilit\u0103\u021bile.<\/p>\n<p>Luate \u00eempreun\u0103, aceste trei serii de date contureaz\u0103 un tablou clar: \u00een ultimul an, s-a \u00eenregistrat o sc\u0103dere general\u0103 a nivelului de trai. Consumul s-a contractat, salariile au pierdut teren \u00een fa\u021ba infla\u021biei, iar pensiile au trecut de la cre\u0219teri reale substan\u021biale la sc\u0103deri reale de peste 8%. Dincolo de comentariile politice, aceste date reflect\u0103 o deteriorare economic\u0103 vizibil\u0103 \u0219i resim\u021bit\u0103 direct de cet\u0103\u021beni.<\/p>\n","protected":false},"excerpt":{"rendered":"<p>Primul semn al schimb\u0103rilor economice a fost observat \u00een evolu\u021bia consumului. \u00cen prima parte a anului 2025, datele ajustate \u00een func\u021bie de zile lucr\u0103toare \u0219i sezonalitate indicau o cre\u0219tere constant\u0103: 4,7% \u00een februarie, 3,4% \u00een martie, 2,8% \u00een aprilie \u0219i mai, 2,6% \u00een iunie \u0219i 3,5% \u00een iulie. \u00cens\u0103, \u00eencep\u00e2nd din august 2025, odat\u0103 cu [&hellip;]<\/p>\n","protected":false},"author":4,"featured_media":14220,"comment_status":"open","ping_status":"open","sticky":false,"template":"","format":"standard","meta":{"jnews-multi-image_gallery":[],"jnews_single_post":[],"jnews_primary_category":[],"jnews_override_counter":[],"footnotes":""},"categories":[40],"tags":[2613,9513,3479,3474,298,5642,12514,16845],"class_list":["post-14219","post","type-post","status-publish","format-standard","has-post-thumbnail","hentry","category-econonie","tag-austeritate","tag-cerere-interna","tag-consum","tag-crestere-preturi","tag-deficit-bugetar","tag-guvernul-bolojan","tag-schimbari-economice","tag-tendinte-economice"],"_links":{"self":[{"href":"https:\/\/www.newsrecorder.ro\/app\/wp-json\/wp\/v2\/posts\/14219","targetHints":{"allow":["GET"]}}],"collection":[{"href":"https:\/\/www.newsrecorder.ro\/app\/wp-json\/wp\/v2\/posts"}],"about":[{"href":"https:\/\/www.newsrecorder.ro\/app\/wp-json\/wp\/v2\/types\/post"}],"author":[{"embeddable":true,"href":"https:\/\/www.newsrecorder.ro\/app\/wp-json\/wp\/v2\/users\/4"}],"replies":[{"embeddable":true,"href":"https:\/\/www.newsrecorder.ro\/app\/wp-json\/wp\/v2\/comments?post=14219"}],"version-history":[{"count":0,"href":"https:\/\/www.newsrecorder.ro\/app\/wp-json\/wp\/v2\/posts\/14219\/revisions"}],"wp:featuredmedia":[{"embeddable":true,"href":"https:\/\/www.newsrecorder.ro\/app\/wp-json\/wp\/v2\/media\/14220"}],"wp:attachment":[{"href":"https:\/\/www.newsrecorder.ro\/app\/wp-json\/wp\/v2\/media?parent=14219"}],"wp:term":[{"taxonomy":"category","embeddable":true,"href":"https:\/\/www.newsrecorder.ro\/app\/wp-json\/wp\/v2\/categories?post=14219"},{"taxonomy":"post_tag","embeddable":true,"href":"https:\/\/www.newsrecorder.ro\/app\/wp-json\/wp\/v2\/tags?post=14219"}],"curies":[{"name":"wp","href":"https:\/\/api.w.org\/{rel}","templated":true}]}}