{"id":14233,"date":"2026-04-17T23:10:29","date_gmt":"2026-04-17T23:10:29","guid":{"rendered":"https:\/\/www.newsrecorder.ro\/app\/2026\/04\/17\/dominic-fritz-placi-de-beton-cazute-amenzi-in-pregatire\/"},"modified":"2026-04-17T23:10:29","modified_gmt":"2026-04-17T23:10:29","slug":"dominic-fritz-placi-de-beton-cazute-amenzi-in-pregatire","status":"publish","type":"post","link":"https:\/\/www.newsrecorder.ro\/app\/2026\/04\/17\/dominic-fritz-placi-de-beton-cazute-amenzi-in-pregatire\/","title":{"rendered":"Dominic Fritz: Pl\u0103ci de beton c\u0103zute, amenzi \u00een preg\u0103tire!"},"content":{"rendered":"<p>Primarul Timi\u0219oarei \u0219i liderul USR, Dominic Fritz, a f\u0103cut o declara\u021bie alarmant\u0103 vineri pe Facebook, referitoare la un incident serios ce a avut loc la un bloc vechi din ora\u0219. Acesta a subliniat c\u0103 mai multe pl\u0103ci de beton s-au desprins de pe fa\u021bad\u0103 \u0219i au c\u0103zut pe trotuar, \u00eentr-o zon\u0103 frecventat\u0103 de pietoni, ceea ce ar fi putut avea consecin\u021be grave.<\/p>\n<p>Fritz a explicat c\u0103 aceast\u0103 situa\u021bie este rezultatul unor lucr\u0103ri recente efectuate la cl\u0103dire, inclusiv instalarea unor elemente publicitare. \u201eAst\u0103zi, de la etajul 7 al unui bloc vechi, pl\u0103ci de beton s-au desprins \u0219i au c\u0103zut direct pe trotuar, \u00een fa\u021ba unor magazine. Este o zon\u0103 cu trafic intens. Din fericire, nu era nimeni acolo \u00een acel moment\u201d, a declarat primarul Timi\u0219oarei.<\/p>\n<p>El a insistat asupra faptului c\u0103 acest incident nu trebuie considerat un simplu accident, ci reprezint\u0103 o problem\u0103 grav\u0103 de siguran\u021b\u0103 public\u0103 care a fost neglijat\u0103. \u201eNu a fost un simplu accident. Ieri, pe fa\u021bada blocului, cineva a f\u0103cut g\u0103uri \u0219i a montat un mesh publicitar care s-a desprins \u00eempreun\u0103 cu pl\u0103cile de beton care au cedat\u201d, a ad\u0103ugat Fritz.<\/p>\n<p>Primarul a men\u021bionat c\u0103 proprietarul cl\u0103dirii, firma de publicitate responsabil\u0103, era deja con\u0219tient de problemele de siguran\u021b\u0103. \u201eL-am amendat zilele trecute cu 14.000 lei pentru un mesh de l\u00e2ng\u0103 cel de ast\u0103zi, de pe acela\u0219i bloc, deoarece era nesigur. Acum, vor urma noi sanc\u021biuni\u201d, a explicat acesta.<\/p>\n<p>Dominic Fritz a subliniat c\u0103 scopul acestor amenzi nu este unul pur administrativ sau punitiv, ci are la baz\u0103 asigurarea siguran\u021bei cet\u0103\u021benilor. \u201eNu dau amenzi pentru c\u0103 \u00eemi place, ci pentru siguran\u021ba oamenilor. \u00cen primele trei luni ale anului, am aplicat amenzi \u00een valoare de 300.000 lei pentru meshuri ilegale \u0219i nesigure. \u0218i vom continua cu aceste ac\u021biuni\u201d, a concluzionat primarul.<\/p>\n","protected":false},"excerpt":{"rendered":"<p>Primarul Timi\u0219oarei \u0219i liderul USR, Dominic Fritz, a f\u0103cut o declara\u021bie alarmant\u0103 vineri pe Facebook, referitoare la un incident serios ce a avut loc la un bloc vechi din ora\u0219. Acesta a subliniat c\u0103 mai multe pl\u0103ci de beton s-au desprins de pe fa\u021bad\u0103 \u0219i au c\u0103zut pe trotuar, \u00eentr-o zon\u0103 frecventat\u0103 de pietoni, ceea [&hellip;]<\/p>\n","protected":false},"author":2,"featured_media":14234,"comment_status":"open","ping_status":"open","sticky":false,"template":"","format":"standard","meta":{"jnews-multi-image_gallery":[],"jnews_single_post":[],"jnews_primary_category":[],"jnews_override_counter":[],"footnotes":""},"categories":[42],"tags":[16856,3939,16854,16857,16855,2525,830,6654],"class_list":["post-14233","post","type-post","status-publish","format-standard","has-post-thumbnail","hentry","category-politica","tag-cladire-veche","tag-dominic-fritz","tag-incident-serios","tag-lucrari-recente","tag-placi-de-beton","tag-siguranta-publica","tag-timisoara","tag-trafic-intens"],"_links":{"self":[{"href":"https:\/\/www.newsrecorder.ro\/app\/wp-json\/wp\/v2\/posts\/14233","targetHints":{"allow":["GET"]}}],"collection":[{"href":"https:\/\/www.newsrecorder.ro\/app\/wp-json\/wp\/v2\/posts"}],"about":[{"href":"https:\/\/www.newsrecorder.ro\/app\/wp-json\/wp\/v2\/types\/post"}],"author":[{"embeddable":true,"href":"https:\/\/www.newsrecorder.ro\/app\/wp-json\/wp\/v2\/users\/2"}],"replies":[{"embeddable":true,"href":"https:\/\/www.newsrecorder.ro\/app\/wp-json\/wp\/v2\/comments?post=14233"}],"version-history":[{"count":0,"href":"https:\/\/www.newsrecorder.ro\/app\/wp-json\/wp\/v2\/posts\/14233\/revisions"}],"wp:featuredmedia":[{"embeddable":true,"href":"https:\/\/www.newsrecorder.ro\/app\/wp-json\/wp\/v2\/media\/14234"}],"wp:attachment":[{"href":"https:\/\/www.newsrecorder.ro\/app\/wp-json\/wp\/v2\/media?parent=14233"}],"wp:term":[{"taxonomy":"category","embeddable":true,"href":"https:\/\/www.newsrecorder.ro\/app\/wp-json\/wp\/v2\/categories?post=14233"},{"taxonomy":"post_tag","embeddable":true,"href":"https:\/\/www.newsrecorder.ro\/app\/wp-json\/wp\/v2\/tags?post=14233"}],"curies":[{"name":"wp","href":"https:\/\/api.w.org\/{rel}","templated":true}]}}