{"id":14259,"date":"2026-04-18T07:15:57","date_gmt":"2026-04-18T07:15:57","guid":{"rendered":"https:\/\/www.newsrecorder.ro\/app\/2026\/04\/18\/cfr-cluj-invinge-fc-arges-in-prelungiri-o-victorie-dramatica\/"},"modified":"2026-04-18T07:15:57","modified_gmt":"2026-04-18T07:15:57","slug":"cfr-cluj-invinge-fc-arges-in-prelungiri-o-victorie-dramatica","status":"publish","type":"post","link":"https:\/\/www.newsrecorder.ro\/app\/2026\/04\/18\/cfr-cluj-invinge-fc-arges-in-prelungiri-o-victorie-dramatica\/","title":{"rendered":"CFR Cluj \u00eenvinge FC Arge\u0219 \u00een prelungiri: o victorie dramatic\u0103!"},"content":{"rendered":"<p>\u00centr-o confruntare intens\u0103, partida dintre FC Arge\u0219 \u0219i CFR Cluj s-a \u00eencheiat cu o victorie str\u00e2ns\u0103 pentru oaspe\u021bi, scor 1-0. Golul decisiv a fost marcat \u00een ultimele momente ale meciului, \u00een minutul 93, de c\u0103tre Adrian P\u0103un, aduc\u00e2nd bucurie echipei clujene.<\/p>\n<p>Acest rezultat crucial p\u0103streaz\u0103 CFR Cluj \u00een lupta pentru titlu, echipa acumul\u00e2nd acum 34 de puncte \u0219i urc\u00e2nd pe locul 3 \u00een clasamentul seriei de play-off. \u00cen fruntea acestui clasament se afl\u0103 U Cluj, cu 39 de puncte, urmat\u0103 \u00eendeaproape de Universitatea Craiova, care are 36 de puncte. Este important de men\u021bionat c\u0103, \u00een etapa a V-a, echipele de top nu au disputat \u00eenc\u0103 meciurile, ceea ce ar putea influen\u021ba semnificativ clasamentul \u00een zilele urm\u0103toare.<\/p>\n<p>\u00cen aceea\u0219i zi de vineri, s-a desf\u0103\u0219urat \u0219i o alt\u0103 partid\u0103 din cadrul play-out-ului, \u00een care O\u021belul Gala\u021bi a ob\u021binut o victorie pe teren propriu, \u00eenving\u00e2nd echipa UTA Arad cu 1-0. Aceast\u0103 victorie le ofer\u0103 un impuls moral important \u00een lupta pentru evitarea retrograd\u0103rii.<\/p>\n","protected":false},"excerpt":{"rendered":"<p>\u00centr-o confruntare intens\u0103, partida dintre FC Arge\u0219 \u0219i CFR Cluj s-a \u00eencheiat cu o victorie str\u00e2ns\u0103 pentru oaspe\u021bi, scor 1-0. Golul decisiv a fost marcat \u00een ultimele momente ale meciului, \u00een minutul 93, de c\u0103tre Adrian P\u0103un, aduc\u00e2nd bucurie echipei clujene. Acest rezultat crucial p\u0103streaz\u0103 CFR Cluj \u00een lupta pentru titlu, echipa acumul\u00e2nd acum 34 [&hellip;]<\/p>\n","protected":false},"author":6,"featured_media":14260,"comment_status":"open","ping_status":"open","sticky":false,"template":"","format":"standard","meta":{"jnews-multi-image_gallery":[],"jnews_single_post":[],"jnews_primary_category":[],"jnews_override_counter":[],"footnotes":""},"categories":[46],"tags":[16882,981,50,3517,2554,2753,4718,3394],"class_list":["post-14259","post","type-post","status-publish","format-standard","has-post-thumbnail","hentry","category-sport","tag-adrian-paun","tag-cfr-cluj","tag-clasament","tag-fc-arges","tag-otelul-galati","tag-play-off","tag-u-cluj","tag-victoria"],"_links":{"self":[{"href":"https:\/\/www.newsrecorder.ro\/app\/wp-json\/wp\/v2\/posts\/14259","targetHints":{"allow":["GET"]}}],"collection":[{"href":"https:\/\/www.newsrecorder.ro\/app\/wp-json\/wp\/v2\/posts"}],"about":[{"href":"https:\/\/www.newsrecorder.ro\/app\/wp-json\/wp\/v2\/types\/post"}],"author":[{"embeddable":true,"href":"https:\/\/www.newsrecorder.ro\/app\/wp-json\/wp\/v2\/users\/6"}],"replies":[{"embeddable":true,"href":"https:\/\/www.newsrecorder.ro\/app\/wp-json\/wp\/v2\/comments?post=14259"}],"version-history":[{"count":0,"href":"https:\/\/www.newsrecorder.ro\/app\/wp-json\/wp\/v2\/posts\/14259\/revisions"}],"wp:featuredmedia":[{"embeddable":true,"href":"https:\/\/www.newsrecorder.ro\/app\/wp-json\/wp\/v2\/media\/14260"}],"wp:attachment":[{"href":"https:\/\/www.newsrecorder.ro\/app\/wp-json\/wp\/v2\/media?parent=14259"}],"wp:term":[{"taxonomy":"category","embeddable":true,"href":"https:\/\/www.newsrecorder.ro\/app\/wp-json\/wp\/v2\/categories?post=14259"},{"taxonomy":"post_tag","embeddable":true,"href":"https:\/\/www.newsrecorder.ro\/app\/wp-json\/wp\/v2\/tags?post=14259"}],"curies":[{"name":"wp","href":"https:\/\/api.w.org\/{rel}","templated":true}]}}