{"id":14265,"date":"2026-04-18T07:16:46","date_gmt":"2026-04-18T07:16:46","guid":{"rendered":"https:\/\/www.newsrecorder.ro\/app\/2026\/04\/18\/rusii-ataca-centrala-din-cernihiv-sute-de-mii-fara-electricitate\/"},"modified":"2026-04-18T07:16:46","modified_gmt":"2026-04-18T07:16:46","slug":"rusii-ataca-centrala-din-cernihiv-sute-de-mii-fara-electricitate","status":"publish","type":"post","link":"https:\/\/www.newsrecorder.ro\/app\/2026\/04\/18\/rusii-ataca-centrala-din-cernihiv-sute-de-mii-fara-electricitate\/","title":{"rendered":"Ru\u0219ii atac\u0103 centrala din Cernihiv: sute de mii f\u0103r\u0103 electricitate!"},"content":{"rendered":"<p>O central\u0103 energetic\u0103 situat\u0103 \u00een regiunea Cernihiv, Ucraina, a suferit avarii severe din cauza unui atac rusesc, l\u0103s\u00e2nd aproximativ 380.000 de consumatori f\u0103r\u0103 electricitate \u00een diminea\u021ba zilei de s\u00e2mb\u0103t\u0103, 18 aprilie.<\/p>\n<p>Informa\u021bia a fost confirmat\u0103 de compania de electricitate Chernihivoblenergo pe pagina lor oficial\u0103 de <a href=\"https:\/\/t.me\/chernigivoblenergo\/5054\">Telegram<\/a>, conform celor raportate de Ukrinform.<\/p>\n<p>Incidentul a avut loc \u00een jurul orei 04:00, c\u00e2nd o central\u0103 energetic\u0103 considerat\u0103 esen\u021bial\u0103, situat\u0103 \u00een districtul Nijin, a fost atacat\u0103. Aceasta a dus la \u00eentreruperea aliment\u0103rii cu electricitate \u00een mai multe ora\u0219e \u0219i districte din zon\u0103, inclusiv \u00een Cernihiv, Pryluky, Nijin \u0219i Slavutych.<\/p>\n<p>\u201eLa ora 04:00, o central\u0103 energetic\u0103 critic\u0103 din districtul Nijin a fost avariat\u0103 \u00een atacul inamic. Drept urmare, 380.000 de consumatori din Cernihiv, Pryluky, Nijin, Slavutych, precum \u0219i din districtele Cernihiv, Nijin \u0219i Pryluky, au r\u0103mas f\u0103r\u0103 curent electric,\u201d a declarat compania.<\/p>\n<p>Echipele de interven\u021bie sunt \u00een prezent mobilizate pentru a restabili alimentarea cu energie electric\u0103 \u00een zonele afectate. Acest incident survine la o zi dup\u0103 un alt atac, care a dus la suspendarea activit\u0103\u021bii unei centrale termice din Cernihiv.<\/p>\n","protected":false},"excerpt":{"rendered":"<p>O central\u0103 energetic\u0103 situat\u0103 \u00een regiunea Cernihiv, Ucraina, a suferit avarii severe din cauza unui atac rusesc, l\u0103s\u00e2nd aproximativ 380.000 de consumatori f\u0103r\u0103 electricitate \u00een diminea\u021ba zilei de s\u00e2mb\u0103t\u0103, 18 aprilie. Informa\u021bia a fost confirmat\u0103 de compania de electricitate Chernihivoblenergo pe pagina lor oficial\u0103 de Telegram, conform celor raportate de Ukrinform. Incidentul a avut loc [&hellip;]<\/p>\n","protected":false},"author":2,"featured_media":14266,"comment_status":"open","ping_status":"open","sticky":false,"template":"","format":"standard","meta":{"jnews-multi-image_gallery":[],"jnews_single_post":[],"jnews_primary_category":[],"jnews_override_counter":[],"footnotes":""},"categories":[41],"tags":[3316,16889,16888,7975,531,1088,16890,682],"class_list":["post-14265","post","type-post","status-publish","format-standard","has-post-thumbnail","hentry","category-externe","tag-atac-rusesc","tag-avarii","tag-centrala-energetica","tag-cernihiv","tag-consumatori","tag-electricitate","tag-nijin","tag-ucraina"],"_links":{"self":[{"href":"https:\/\/www.newsrecorder.ro\/app\/wp-json\/wp\/v2\/posts\/14265","targetHints":{"allow":["GET"]}}],"collection":[{"href":"https:\/\/www.newsrecorder.ro\/app\/wp-json\/wp\/v2\/posts"}],"about":[{"href":"https:\/\/www.newsrecorder.ro\/app\/wp-json\/wp\/v2\/types\/post"}],"author":[{"embeddable":true,"href":"https:\/\/www.newsrecorder.ro\/app\/wp-json\/wp\/v2\/users\/2"}],"replies":[{"embeddable":true,"href":"https:\/\/www.newsrecorder.ro\/app\/wp-json\/wp\/v2\/comments?post=14265"}],"version-history":[{"count":0,"href":"https:\/\/www.newsrecorder.ro\/app\/wp-json\/wp\/v2\/posts\/14265\/revisions"}],"wp:featuredmedia":[{"embeddable":true,"href":"https:\/\/www.newsrecorder.ro\/app\/wp-json\/wp\/v2\/media\/14266"}],"wp:attachment":[{"href":"https:\/\/www.newsrecorder.ro\/app\/wp-json\/wp\/v2\/media?parent=14265"}],"wp:term":[{"taxonomy":"category","embeddable":true,"href":"https:\/\/www.newsrecorder.ro\/app\/wp-json\/wp\/v2\/categories?post=14265"},{"taxonomy":"post_tag","embeddable":true,"href":"https:\/\/www.newsrecorder.ro\/app\/wp-json\/wp\/v2\/tags?post=14265"}],"curies":[{"name":"wp","href":"https:\/\/api.w.org\/{rel}","templated":true}]}}