{"id":14267,"date":"2026-04-18T07:17:01","date_gmt":"2026-04-18T07:17:01","guid":{"rendered":"https:\/\/www.newsrecorder.ro\/app\/2026\/04\/18\/putin-vrea-sa-destabilizeze-ue-si-nato-pentru-a-slabi-sprijinul-pentru-ucraina\/"},"modified":"2026-04-18T07:17:01","modified_gmt":"2026-04-18T07:17:01","slug":"putin-vrea-sa-destabilizeze-ue-si-nato-pentru-a-slabi-sprijinul-pentru-ucraina","status":"publish","type":"post","link":"https:\/\/www.newsrecorder.ro\/app\/2026\/04\/18\/putin-vrea-sa-destabilizeze-ue-si-nato-pentru-a-slabi-sprijinul-pentru-ucraina\/","title":{"rendered":"Putin vrea s\u0103 \u201edestabilizeze\u201d UE \u0219i NATO pentru a sl\u0103bi sprijinul pentru Ucraina"},"content":{"rendered":"<p>Rusia \u00ee\u0219i preg\u0103te\u0219te o intensificare a atacurilor informa\u021bionale \u0219i hibride \u00eempotriva Uniunii Europene \u0219i NATO, av\u00e2nd convingerea c\u0103 liderul de la Kremlin, Vladimir Putin, consider\u0103 c\u0103 momentul este favorabil pentru a le \u201edestabiliza\u201d \u00een scopul diminu\u0103rii sprijinului acordat Ucrainei.<\/p>\n<p>Informa\u021biile provin de la Andriy Kovalenko, directorul Centrului pentru Combaterea Dezinform\u0103rii din cadrul Consiliului Na\u021bional de Securitate \u0219i Ap\u0103rare al Ucrainei, care a f\u0103cut declara\u021bii pe <a href=\"https:\/\/t.me\/akovalenko1989\/10640\">Telegram<\/a>.<\/p>\n<p>\u201e\u00cen perioada urm\u0103toare, Rusia va intensifica provoc\u0103rile informa\u021bionale \u0219i hibride \u00eempotriva Europei\u201d, a subliniat Kovalenko.<\/p>\n<p>Acesta a ad\u0103ugat c\u0103 Serghei Nar\u00ee\u0219kin, \u0219eful Serviciului de Informa\u021bii Externe al Rusiei, l-a convins pe Putin c\u0103 este oportun s\u0103 apese pe Uniunea European\u0103 \u0219i NATO cu amenin\u021b\u0103ri, \u00een \u00eencercarea de a submina sprijinul interna\u021bional pentru Ucraina.<\/p>\n<p>\u201eAceasta este o alt\u0103 idee a liderilor ru\u0219i care nu va avea succes \u0219i demonstreaz\u0103 doar lipsa de preg\u0103tire a Rusiei \u00een fa\u021ba amenin\u021b\u0103rilor tehnologice tot mai complexe, mai ales dac\u0103 continu\u0103 acest r\u0103zboi. Rusia se afl\u0103 acum \u00eentr-o situa\u021bie vulnerabil\u0103, plin\u0103 de \u021binte\u201d, a explicat Kovalenko.<\/p>\n<p>\u00cen prezent, Kremlinul evalueaz\u0103 cel pu\u021bin trei scenarii pentru direc\u021bia ulterioar\u0103 a conflictului din Ucraina. Acestea includ un r\u0103zboi prelungit, o posibil\u0103 \u00eenghe\u021bare a conflictului sau o expansiune a agresiunii \u00eempotriva \u021b\u0103rilor membre NATO, conform celor relatate de Ukrinform.<\/p>\n","protected":false},"excerpt":{"rendered":"<p>Rusia \u00ee\u0219i preg\u0103te\u0219te o intensificare a atacurilor informa\u021bionale \u0219i hibride \u00eempotriva Uniunii Europene \u0219i NATO, av\u00e2nd convingerea c\u0103 liderul de la Kremlin, Vladimir Putin, consider\u0103 c\u0103 momentul este favorabil pentru a le \u201edestabiliza\u201d \u00een scopul diminu\u0103rii sprijinului acordat Ucrainei. Informa\u021biile provin de la Andriy Kovalenko, directorul Centrului pentru Combaterea Dezinform\u0103rii din cadrul Consiliului Na\u021bional de [&hellip;]<\/p>\n","protected":false},"author":2,"featured_media":14268,"comment_status":"open","ping_status":"open","sticky":false,"template":"","format":"standard","meta":{"jnews-multi-image_gallery":[],"jnews_single_post":[],"jnews_primary_category":[],"jnews_override_counter":[],"footnotes":""},"categories":[41],"tags":[16892,16891,2831,352,681,874,682,321],"class_list":["post-14267","post","type-post","status-publish","format-standard","has-post-thumbnail","hentry","category-externe","tag-andriy-kovalenko","tag-atacuri-informationale","tag-dezinformare","tag-nato","tag-rusia","tag-securitate","tag-ucraina","tag-uniunea-europeana"],"_links":{"self":[{"href":"https:\/\/www.newsrecorder.ro\/app\/wp-json\/wp\/v2\/posts\/14267","targetHints":{"allow":["GET"]}}],"collection":[{"href":"https:\/\/www.newsrecorder.ro\/app\/wp-json\/wp\/v2\/posts"}],"about":[{"href":"https:\/\/www.newsrecorder.ro\/app\/wp-json\/wp\/v2\/types\/post"}],"author":[{"embeddable":true,"href":"https:\/\/www.newsrecorder.ro\/app\/wp-json\/wp\/v2\/users\/2"}],"replies":[{"embeddable":true,"href":"https:\/\/www.newsrecorder.ro\/app\/wp-json\/wp\/v2\/comments?post=14267"}],"version-history":[{"count":0,"href":"https:\/\/www.newsrecorder.ro\/app\/wp-json\/wp\/v2\/posts\/14267\/revisions"}],"wp:featuredmedia":[{"embeddable":true,"href":"https:\/\/www.newsrecorder.ro\/app\/wp-json\/wp\/v2\/media\/14268"}],"wp:attachment":[{"href":"https:\/\/www.newsrecorder.ro\/app\/wp-json\/wp\/v2\/media?parent=14267"}],"wp:term":[{"taxonomy":"category","embeddable":true,"href":"https:\/\/www.newsrecorder.ro\/app\/wp-json\/wp\/v2\/categories?post=14267"},{"taxonomy":"post_tag","embeddable":true,"href":"https:\/\/www.newsrecorder.ro\/app\/wp-json\/wp\/v2\/tags?post=14267"}],"curies":[{"name":"wp","href":"https:\/\/api.w.org\/{rel}","templated":true}]}}