{"id":14299,"date":"2026-04-18T15:07:47","date_gmt":"2026-04-18T15:07:47","guid":{"rendered":"https:\/\/www.newsrecorder.ro\/app\/2026\/04\/18\/focuri-de-arma-si-ostatici-haos-pe-strazile-kievului\/"},"modified":"2026-04-18T15:07:47","modified_gmt":"2026-04-18T15:07:47","slug":"focuri-de-arma-si-ostatici-haos-pe-strazile-kievului","status":"publish","type":"post","link":"https:\/\/www.newsrecorder.ro\/app\/2026\/04\/18\/focuri-de-arma-si-ostatici-haos-pe-strazile-kievului\/","title":{"rendered":"Focuri de arm\u0103 \u0219i ostatici: Haos pe str\u0103zile Kievului!"},"content":{"rendered":"<p><strong>UPDATE<\/strong><\/p>\n<p>Primarul Kievului, Vitali Kliciko, a confirmat c\u0103 num\u0103rul victimelor \u00een urma \u00eempu\u0219c\u0103turilor din ora\u0219 a crescut, eviden\u021biind o situa\u021bie alarmant\u0103. Din p\u0103cate, printre cei r\u0103ni\u021bi se afl\u0103 \u0219i un copil, care a fost transportat de urgen\u021b\u0103 la spital pentru \u00eengrijiri medicale. Alte victime primesc asisten\u021b\u0103 la fa\u021ba locului.<\/p>\n<p>Informa\u021biile ini\u021biale despre incident relev\u0103 c\u0103 acesta a avut loc s\u00e2mb\u0103t\u0103 \u00een Kiev, c\u00e2nd un individ necunoscut a deschis focul asupra trec\u0103torilor de pe strad\u0103, conform surselor de \u0219tiri Nexta.<\/p>\n<p>Acest atac a evoluat rapid, b\u0103rbatul reu\u0219ind s\u0103 ia ostatici \u0219i continu\u00e2nd s\u0103 trag\u0103 asupra for\u021belor de poli\u021bie intervenite. Primele detalii sugereaz\u0103 c\u0103 exist\u0103 deja victime, iar dup\u0103 o serie de \u00eempu\u0219c\u0103turi, atacatorul s-a baricadat \u00eentr-un magazin din apropiere.<\/p>\n<p>For\u021bele speciale sunt acum la fa\u021ba locului, iar poli\u021bia se preg\u0103te\u0219te pentru un asalt asupra loca\u021biei \u00een care se afl\u0103 atacatorul. Situa\u021bia r\u0103m\u00e2ne extrem de delicat\u0103, cu autorit\u0103\u021bile care lucreaz\u0103 pentru a restabili ordinea \u0219i a proteja cet\u0103\u021benii.<\/p>\n","protected":false},"excerpt":{"rendered":"<p>UPDATE Primarul Kievului, Vitali Kliciko, a confirmat c\u0103 num\u0103rul victimelor \u00een urma \u00eempu\u0219c\u0103turilor din ora\u0219 a crescut, eviden\u021biind o situa\u021bie alarmant\u0103. Din p\u0103cate, printre cei r\u0103ni\u021bi se afl\u0103 \u0219i un copil, care a fost transportat de urgen\u021b\u0103 la spital pentru \u00eengrijiri medicale. Alte victime primesc asisten\u021b\u0103 la fa\u021ba locului. Informa\u021biile ini\u021biale despre incident relev\u0103 c\u0103 [&hellip;]<\/p>\n","protected":false},"author":2,"featured_media":14300,"comment_status":"open","ping_status":"open","sticky":false,"template":"","format":"standard","meta":{"jnews-multi-image_gallery":[],"jnews_single_post":[],"jnews_primary_category":[],"jnews_override_counter":[],"footnotes":""},"categories":[39],"tags":[914,16919,920,4448,505,5011,1855,694],"class_list":["post-14299","post","type-post","status-publish","format-standard","has-post-thumbnail","hentry","category-stirile-zilei","tag-atac","tag-impuscaturi","tag-kiev","tag-ostatici","tag-politie","tag-situatie-alarmanta","tag-spital","tag-victime"],"_links":{"self":[{"href":"https:\/\/www.newsrecorder.ro\/app\/wp-json\/wp\/v2\/posts\/14299","targetHints":{"allow":["GET"]}}],"collection":[{"href":"https:\/\/www.newsrecorder.ro\/app\/wp-json\/wp\/v2\/posts"}],"about":[{"href":"https:\/\/www.newsrecorder.ro\/app\/wp-json\/wp\/v2\/types\/post"}],"author":[{"embeddable":true,"href":"https:\/\/www.newsrecorder.ro\/app\/wp-json\/wp\/v2\/users\/2"}],"replies":[{"embeddable":true,"href":"https:\/\/www.newsrecorder.ro\/app\/wp-json\/wp\/v2\/comments?post=14299"}],"version-history":[{"count":0,"href":"https:\/\/www.newsrecorder.ro\/app\/wp-json\/wp\/v2\/posts\/14299\/revisions"}],"wp:featuredmedia":[{"embeddable":true,"href":"https:\/\/www.newsrecorder.ro\/app\/wp-json\/wp\/v2\/media\/14300"}],"wp:attachment":[{"href":"https:\/\/www.newsrecorder.ro\/app\/wp-json\/wp\/v2\/media?parent=14299"}],"wp:term":[{"taxonomy":"category","embeddable":true,"href":"https:\/\/www.newsrecorder.ro\/app\/wp-json\/wp\/v2\/categories?post=14299"},{"taxonomy":"post_tag","embeddable":true,"href":"https:\/\/www.newsrecorder.ro\/app\/wp-json\/wp\/v2\/tags?post=14299"}],"curies":[{"name":"wp","href":"https:\/\/api.w.org\/{rel}","templated":true}]}}