{"id":14381,"date":"2026-04-18T21:06:45","date_gmt":"2026-04-18T21:06:45","guid":{"rendered":"https:\/\/www.newsrecorder.ro\/app\/2026\/04\/18\/ziua-2-in-procesul-jafului-tezaurului-dacic-misterul-bratarii-disparute\/"},"modified":"2026-04-18T21:06:45","modified_gmt":"2026-04-18T21:06:45","slug":"ziua-2-in-procesul-jafului-tezaurului-dacic-misterul-bratarii-disparute","status":"publish","type":"post","link":"https:\/\/www.newsrecorder.ro\/app\/2026\/04\/18\/ziua-2-in-procesul-jafului-tezaurului-dacic-misterul-bratarii-disparute\/","title":{"rendered":"Ziua 2 \u00een procesul jafului Tezaurului Dacic: Misterul br\u0103\u021b\u0103rii disp\u0103rute!"},"content":{"rendered":"<p>\u0218edin\u021ba de judecat\u0103 a debutat cu o \u00eent\u00e2rziere, cauzat\u0103 de problemele de transport ale unuia dintre inculpa\u021bi. Cu toate acestea, interesul publicului \u0219i al mass-media pentru cazul <a style=\"color: #0000ff\" href=\"https:\/\/www.mediafax.ro\/cultura-media\/am-fost-tratat-ca-un-animal-am-petrecut-sase-luni-intr-o-celula-putreda-cu-sobolani-a-inceput-procesul-suspectilor-implicati-in-jaful-tezaurului-dacic-23719867\">Tezaurului Dacic<\/a> r\u0103m\u00e2ne ridicat, sala de judecat\u0103 fiind din nou plin\u0103, conform informa\u021biilor de pe <a href=\"https:\/\/dvhn.nl\/drenthe\/live-advocaten-kunstdieven-drents-museum-pleiten.-de-olifant-in-de-kamer-waar-is-de-derde-gouden-armband-48916151.html\">dvhn.nl<\/a>.<\/p>\n<p>\u00cen centrul aten\u021biei s-a aflat Bernhard Z., singurul dintre cei trei suspec\u021bi care a refuzat s\u0103 ajung\u0103 la un acord cu Parchetul, risc\u00e2nd astfel o pedeaps\u0103 de 5,5 ani de \u00eenchisoare. Avocatul s\u0103u, Micha Jonge-Vos, a \u00eenceput pledoaria prin a sublinia amploarea neobi\u0219nuit\u0103 a cazului, descriindu-l ca av\u00e2nd un impact interna\u021bional.<\/p>\n<p>\u201eClientul meu a devenit, f\u0103r\u0103 voia sa, o celebritate olandez\u0103\u201d, a declarat Jonge-Vos, referindu-se la expunerea media intens\u0103 care a \u00eenso\u021bit acest proces.<\/p>\n<p>Ap\u0103rarea a ridicat \u00eentrebarea crucial\u0103: \u201eUnde se afl\u0103 a treia br\u0103\u021bar\u0103 de aur?\u201d, un obiect de valoare care nu a fost recuperat. Jonge-Vos a acuzat autorit\u0103\u021bile de \u201eviziune \u00eengust\u0103\u201d, suger\u00e2nd c\u0103 ele au ignorat scenarii alternative. \u201eCine de\u021bine cheia pentru returnarea ei? Cei trei suspec\u021bi sau altcineva?\u201d, s-a \u00eentrebat avocatul, insist\u00e2nd pe faptul c\u0103 clientul s\u0103u nu are \u00een posesie br\u0103\u021bara disp\u0103rut\u0103.<\/p>\n<p>Un alt aspect important al ap\u0103r\u0103rii a fost contestarea probelor prezentate. Avocata Simcha Plas a argumentat c\u0103 nu exist\u0103 dovezi directe care s\u0103 plaseze pe Bernhard Z. la locul jafului. ADN-ul s\u0103u nu a fost g\u0103sit \u00een muzeu, iar urmele de pe hainele sale ar fi rezultatul unui amestec de la mai multe persoane, diminu\u00e2nd astfel valoarea acestor dovezi.<\/p>\n<p>De asemenea, Plas a contestat credibilitatea co-suspectului Jan B., sus\u021bin\u00e2nd c\u0103 declara\u021biile acestuia, date agen\u021bilor sub acoperire, ar fi fost false \u0219i influen\u021bate de informa\u021biile ap\u0103rute \u00een pres\u0103.<\/p>\n<p>De\u0219i ap\u0103rarea nu contest\u0103 complet implicarea lui Bernhard Z., o limiteaz\u0103 strict la fapte colaterale. Potrivit avoca\u021bilor, acesta ar fi furat o ma\u0219in\u0103 \u0219i pl\u0103cu\u021be de \u00eenmatriculare, dar nu ar fi participat efectiv la jaful din muzeu. Aceast\u0103 versiune este sprijinit\u0103 de o \u00eenregistrare audio \u00een care Z. face referire la \u201eb\u0103ie\u021bii aceia\u201d care ar avea probleme, ceea ce, conform ap\u0103r\u0103rii, sugereaz\u0103 c\u0103 nu se considera parte a autorilor furtului.<\/p>\n<p>Cazul lui Bernhard Z. r\u0103m\u00e2ne cel mai contestat dintre to\u021bi cei implica\u021bi. \u00cen timp ce ceilal\u021bi doi suspec\u021bi au ajuns deja la \u00een\u021belegeri cu procurorii \u0219i au primit pedepse reduse, cazul lui Z. continu\u0103 s\u0103 fie deschis \u0219i disputat. Strategia ap\u0103r\u0103rii se concentreaz\u0103 pe introducerea unui dubiu rezonabil, prin contestarea probelor \u0219i a credibilit\u0103\u021bii martorilor, precum \u0219i prin eviden\u021bierea unor elemente neelucidate, cum ar fi dispari\u021bia celei de-a treia br\u0103\u021b\u0103ri.<\/p>\n<p>Pe m\u0103sur\u0103 ce procesul avanseaz\u0103, verdictul va depinde \u00een mare m\u0103sur\u0103 de capacitatea instan\u021bei de a decide dac\u0103 aceste dubii sunt suficiente pentru a exclude implicarea direct\u0103 a lui Bernhard Z. \u00een jaful de la muzeu.<\/p>\n","protected":false},"excerpt":{"rendered":"<p>\u0218edin\u021ba de judecat\u0103 a debutat cu o \u00eent\u00e2rziere, cauzat\u0103 de problemele de transport ale unuia dintre inculpa\u021bi. Cu toate acestea, interesul publicului \u0219i al mass-media pentru cazul Tezaurului Dacic r\u0103m\u00e2ne ridicat, sala de judecat\u0103 fiind din nou plin\u0103, conform informa\u021biilor de pe dvhn.nl. \u00cen centrul aten\u021biei s-a aflat Bernhard Z., singurul dintre cei trei suspec\u021bi [&hellip;]<\/p>\n","protected":false},"author":7,"featured_media":14382,"comment_status":"open","ping_status":"open","sticky":false,"template":"","format":"standard","meta":{"jnews-multi-image_gallery":[],"jnews_single_post":[],"jnews_primary_category":[],"jnews_override_counter":[],"footnotes":""},"categories":[43],"tags":[16960,3807,16646,16958,16961,15498,5757,16959],"class_list":["post-14381","post","type-post","status-publish","format-standard","has-post-thumbnail","hentry","category-cultura","tag-acord-cu-parchetul","tag-avocat","tag-bernhard-z","tag-bratara-de-aur","tag-expunere-media","tag-pedeapsa","tag-proces-judiciar","tag-tezaurul-dacic"],"_links":{"self":[{"href":"https:\/\/www.newsrecorder.ro\/app\/wp-json\/wp\/v2\/posts\/14381","targetHints":{"allow":["GET"]}}],"collection":[{"href":"https:\/\/www.newsrecorder.ro\/app\/wp-json\/wp\/v2\/posts"}],"about":[{"href":"https:\/\/www.newsrecorder.ro\/app\/wp-json\/wp\/v2\/types\/post"}],"author":[{"embeddable":true,"href":"https:\/\/www.newsrecorder.ro\/app\/wp-json\/wp\/v2\/users\/7"}],"replies":[{"embeddable":true,"href":"https:\/\/www.newsrecorder.ro\/app\/wp-json\/wp\/v2\/comments?post=14381"}],"version-history":[{"count":0,"href":"https:\/\/www.newsrecorder.ro\/app\/wp-json\/wp\/v2\/posts\/14381\/revisions"}],"wp:featuredmedia":[{"embeddable":true,"href":"https:\/\/www.newsrecorder.ro\/app\/wp-json\/wp\/v2\/media\/14382"}],"wp:attachment":[{"href":"https:\/\/www.newsrecorder.ro\/app\/wp-json\/wp\/v2\/media?parent=14381"}],"wp:term":[{"taxonomy":"category","embeddable":true,"href":"https:\/\/www.newsrecorder.ro\/app\/wp-json\/wp\/v2\/categories?post=14381"},{"taxonomy":"post_tag","embeddable":true,"href":"https:\/\/www.newsrecorder.ro\/app\/wp-json\/wp\/v2\/tags?post=14381"}],"curies":[{"name":"wp","href":"https:\/\/api.w.org\/{rel}","templated":true}]}}