{"id":14401,"date":"2026-04-18T21:08:34","date_gmt":"2026-04-18T21:08:34","guid":{"rendered":"https:\/\/www.newsrecorder.ro\/app\/2026\/04\/18\/captura-spectaculoasa-traficant-de-droguri-de-top-prins-in-mexic\/"},"modified":"2026-04-18T21:08:34","modified_gmt":"2026-04-18T21:08:34","slug":"captura-spectaculoasa-traficant-de-droguri-de-top-prins-in-mexic","status":"publish","type":"post","link":"https:\/\/www.newsrecorder.ro\/app\/2026\/04\/18\/captura-spectaculoasa-traficant-de-droguri-de-top-prins-in-mexic\/","title":{"rendered":"Captura spectaculoas\u0103: Traficant de droguri de top prins \u00een Mexic!"},"content":{"rendered":"<p>Un b\u0103rbat din Ungaria, c\u0103utat pentru trafic de droguri, a fost prins \u00een Mexic, conform unui anun\u021b al Ministerului Securit\u0103\u021bii din Mexic, f\u0103cut s\u00e2mb\u0103t\u0103. Acest suspect, J\u00e1nos Balla, cunoscut \u0219i sub numele de \u201eD\u00e1niel Tak\u00e1cs\u201d, face parte din lista celor mai c\u0103uta\u021bi zece infractori din Europa, dup\u0103 cum informeaz\u0103 <a href=\"https:\/\/www.lefigaro.fr\/international\/un-des-narcotrafiquants-les-plus-recherches-d-europe-arrete-au-mexique-20260418\" target=\"_blank\" rel=\"noopener\">Le Figaro<\/a>.<\/p>\n<p>Ministrul Securit\u0103\u021bii Publice, Omar Garc\u00eda Harfuch, a declarat pe re\u021beaua X: \u201eJ\u00e1nos Balla, alias \u00abD\u00e1niel Tak\u00e1cs\u00bb, considerat unul dintre cei mai c\u0103uta\u021bi zece b\u0103rba\u021bi din Europa, a fost arestat.\u201d<\/p>\n<p>\u201eDerivado de intercambio de informaci\u00f3n con autoridades de Hungr\u00eda, se detuvo a J\u00e1nos Balla, alias \u2018D\u00e1niel Tak\u00e1cs\u2019 considerado uno de los 10 m\u00e1s buscados en Europa. Cuenta con ficha roja de <a href=\"https:\/\/twitter.com\/INTERPOL_HQ?ref_src=twsrc%5Etfw\">@INTERPOL_HQ<\/a> y orden de arresto emitida por Europol. Esta detenci\u00f3n fue una operaci\u00f3n\u2026\u201d <br \/>\n\u2014 Omar H Garcia Harfuch (@OHarfuch) <a href=\"https:\/\/twitter.com\/OHarfuch\/status\/2045496088082169988?ref_src=twsrc%5Etfw\">April 18, 2026<\/a><\/p>\n<p>J\u00e1nos Balla se afl\u0103 sub un mandat de arestare \u00een Ungaria pentru trafic de droguri \u0219i, \u00een plus, este sub inciden\u021ba unei Notific\u0103ri Ro\u0219ii Interpol \u0219i a unui alt mandat de arestare emis de Europol. Conform informa\u021biilor furnizate de minister, Balla, \u00een v\u00e2rst\u0103 de 48 de ani, a condus un grup criminal organizat \u00een Ungaria, specializat \u00een traficul de cocain\u0103 \u0219i ecstasy, \u00eentre vara anului 2014 \u0219i aprilie 2015.<\/p>\n<p>Arestarea a avut loc \u00een celebrul ora\u0219 turistic Canc\u00fan, situat \u00een sud-estul Mexicului, \u00een cadrul unei opera\u021biuni desf\u0103\u0219urate de for\u021bele de securitate mexicane. Autorit\u0103\u021bile au distribuit fotografii \u00een care Balla este escortat de poli\u021bie \u0219i personal militar.<\/p>\n<p>Garc\u00eda Harfuch a subliniat c\u0103 arestarea a fost posibil\u0103 datorit\u0103 colabor\u0103rii \u0219i schimbului de informa\u021bii cu autorit\u0103\u021bile din Ungaria. J\u00e1nos Balla va fi transferat c\u0103tre autorit\u0103\u021bile de imigra\u021bie pentru a \u201econtinua procesul de deportare controlat\u0103 \u00een Europa\u201d, conform declara\u021biilor Ministerului Securit\u0103\u021bii.<\/p>\n","protected":false},"excerpt":{"rendered":"<p>Un b\u0103rbat din Ungaria, c\u0103utat pentru trafic de droguri, a fost prins \u00een Mexic, conform unui anun\u021b al Ministerului Securit\u0103\u021bii din Mexic, f\u0103cut s\u00e2mb\u0103t\u0103. Acest suspect, J\u00e1nos Balla, cunoscut \u0219i sub numele de \u201eD\u00e1niel Tak\u00e1cs\u201d, face parte din lista celor mai c\u0103uta\u021bi zece infractori din Europa, dup\u0103 cum informeaz\u0103 Le Figaro. Ministrul Securit\u0103\u021bii Publice, Omar [&hellip;]<\/p>\n","protected":false},"author":2,"featured_media":14402,"comment_status":"open","ping_status":"open","sticky":false,"template":"","format":"standard","meta":{"jnews-multi-image_gallery":[],"jnews_single_post":[],"jnews_primary_category":[],"jnews_override_counter":[],"footnotes":""},"categories":[41],"tags":[557,4187,821,4115,16971,561,555,1924],"class_list":["post-14401","post","type-post","status-publish","format-standard","has-post-thumbnail","hentry","category-externe","tag-arestare","tag-barbat","tag-europol","tag-infractori","tag-interpol","tag-mexic","tag-trafic-de-droguri","tag-ungaria"],"_links":{"self":[{"href":"https:\/\/www.newsrecorder.ro\/app\/wp-json\/wp\/v2\/posts\/14401","targetHints":{"allow":["GET"]}}],"collection":[{"href":"https:\/\/www.newsrecorder.ro\/app\/wp-json\/wp\/v2\/posts"}],"about":[{"href":"https:\/\/www.newsrecorder.ro\/app\/wp-json\/wp\/v2\/types\/post"}],"author":[{"embeddable":true,"href":"https:\/\/www.newsrecorder.ro\/app\/wp-json\/wp\/v2\/users\/2"}],"replies":[{"embeddable":true,"href":"https:\/\/www.newsrecorder.ro\/app\/wp-json\/wp\/v2\/comments?post=14401"}],"version-history":[{"count":0,"href":"https:\/\/www.newsrecorder.ro\/app\/wp-json\/wp\/v2\/posts\/14401\/revisions"}],"wp:featuredmedia":[{"embeddable":true,"href":"https:\/\/www.newsrecorder.ro\/app\/wp-json\/wp\/v2\/media\/14402"}],"wp:attachment":[{"href":"https:\/\/www.newsrecorder.ro\/app\/wp-json\/wp\/v2\/media?parent=14401"}],"wp:term":[{"taxonomy":"category","embeddable":true,"href":"https:\/\/www.newsrecorder.ro\/app\/wp-json\/wp\/v2\/categories?post=14401"},{"taxonomy":"post_tag","embeddable":true,"href":"https:\/\/www.newsrecorder.ro\/app\/wp-json\/wp\/v2\/tags?post=14401"}],"curies":[{"name":"wp","href":"https:\/\/api.w.org\/{rel}","templated":true}]}}